{"id":1917,"date":"2007-11-12T14:01:00","date_gmt":"2007-11-12T14:01:00","guid":{"rendered":"http:\/\/www.toque-musicall.com\/?p=1917"},"modified":"2007-11-12T14:01:00","modified_gmt":"2007-11-12T14:01:00","slug":"astor-piazzolla-retrospectiva-1979","status":"publish","type":"post","link":"https:\/\/www.toque-musicall.com\/?p=1917","title":{"rendered":"Astor Piazzolla &#8211; Retrospectiva (1979)"},"content":{"rendered":"<p><a href=\"http:\/\/1.bp.blogspot.com\/_DSKVEvHtskc\/RzhwCVqdDDI\/AAAAAAAAAwo\/40Cs4jgR1Vo\/s1600-h\/astor+piazzolla+-+retrospectiva+f.JPG\"><img decoding=\"async\" id=\"BLOGGER_PHOTO_ID_5131974960865938482\" style=\"DISPLAY: block; MARGIN: 0px auto 10px; CURSOR: hand; TEXT-ALIGN: center\" alt=\"\" src=\"http:\/\/1.bp.blogspot.com\/_DSKVEvHtskc\/RzhwCVqdDDI\/AAAAAAAAAwo\/40Cs4jgR1Vo\/s400\/astor+piazzolla+-+retrospectiva+f.JPG\" border=\"0\" \/><\/a> Come\u00e7o a semana com um dos nomes mais importantes da m\u00fasica instrumental argentina e mundial, Astor Piazzolla, compositor e bandoneonista. Sua m\u00fasica incorpora elementos do jazz, da m\u00fasica erudita e do tango. Foi com um quinteto e atrav\u00e9s do timbre \u00edmpar do bandoneon (primo do acordeon e da sanfona) que passou a ser reconhecido como maior compositor contempor\u00e2neo de tangos. O disco que apresento \u00e9 uma colet\u00e2nea produzida pelo selo Band Records, com algumas m\u00fasicas compostas ao longo de sua carreira.<\/p>\n<div align=\"center\">1-fuga y misterio<\/div>\n<div align=\"center\">2-adios nonino<\/div>\n<div align=\"center\">3-buenos aires hora 0<\/div>\n<div align=\"center\">4-michelangelo 70<\/div>\n<div align=\"center\">5-tango del angel<\/div>\n<div align=\"center\">6-la cumparsita<\/div>\n<div align=\"center\">7-zum<\/div>\n<div align=\"center\">8-allegro tangabile<\/div>\n<div align=\"center\">9-loca bohemia<\/div>\n<div align=\"center\">10-libertango<\/div>\n<div align=\"center\">11-pulsacion n.5<\/div>\n<div align=\"center\"><\/div>\n<div align=\"center\"><\/div>\n<div align=\"center\"> <\/div>\n","protected":false},"excerpt":{"rendered":"<p>Come\u00e7o a semana com um dos nomes mais importantes da m\u00fasica instrumental argentina e mundial, Astor Piazzolla, compositor e bandoneonista. Sua m\u00fasica incorpora elementos do jazz, da m\u00fasica erudita e do tango. Foi com um quinteto e atrav\u00e9s do timbre &hellip; <a href=\"https:\/\/www.toque-musicall.com\/?p=1917\">Continue lendo <span class=\"meta-nav\">&rarr;<\/span><\/a><\/p>\n","protected":false},"author":1,"featured_media":0,"comment_status":"open","ping_status":"closed","sticky":false,"template":"","format":"standard","meta":{"footnotes":""},"categories":[1842],"tags":[],"class_list":["post-1917","post","type-post","status-publish","format-standard","hentry","category-astor-piazzolla"],"_links":{"self":[{"href":"https:\/\/www.toque-musicall.com\/index.php?rest_route=\/wp\/v2\/posts\/1917","targetHints":{"allow":["GET"]}}],"collection":[{"href":"https:\/\/www.toque-musicall.com\/index.php?rest_route=\/wp\/v2\/posts"}],"about":[{"href":"https:\/\/www.toque-musicall.com\/index.php?rest_route=\/wp\/v2\/types\/post"}],"author":[{"embeddable":true,"href":"https:\/\/www.toque-musicall.com\/index.php?rest_route=\/wp\/v2\/users\/1"}],"replies":[{"embeddable":true,"href":"https:\/\/www.toque-musicall.com\/index.php?rest_route=%2Fwp%2Fv2%2Fcomments&post=1917"}],"version-history":[{"count":0,"href":"https:\/\/www.toque-musicall.com\/index.php?rest_route=\/wp\/v2\/posts\/1917\/revisions"}],"wp:attachment":[{"href":"https:\/\/www.toque-musicall.com\/index.php?rest_route=%2Fwp%2Fv2%2Fmedia&parent=1917"}],"wp:term":[{"taxonomy":"category","embeddable":true,"href":"https:\/\/www.toque-musicall.com\/index.php?rest_route=%2Fwp%2Fv2%2Fcategories&post=1917"},{"taxonomy":"post_tag","embeddable":true,"href":"https:\/\/www.toque-musicall.com\/index.php?rest_route=%2Fwp%2Fv2%2Ftags&post=1917"}],"curies":[{"name":"wp","href":"https:\/\/api.w.org\/{rel}","templated":true}]}}