{"id":1919,"date":"2007-11-11T12:17:00","date_gmt":"2007-11-11T12:17:00","guid":{"rendered":"http:\/\/www.toque-musicall.com\/?p=1919"},"modified":"2007-11-11T12:17:00","modified_gmt":"2007-11-11T12:17:00","slug":"sergio-godinho-canto-da-boca-1982","status":"publish","type":"post","link":"https:\/\/www.toque-musicall.com\/?p=1919","title":{"rendered":"Sergio Godinho &#8211; Canto Da Boca (1982)"},"content":{"rendered":"<p><a href=\"http:\/\/1.bp.blogspot.com\/_DSKVEvHtskc\/SsiyIhRwLGI\/AAAAAAAAFcI\/aSOH9rUAL9k\/s1600-h\/sergio+godinho+P.JPG\"><img decoding=\"async\" style=\"display:block; margin:0px auto 10px; text-align:center;cursor:pointer; cursor:hand;width: 400px; height: 398px;\" src=\"http:\/\/1.bp.blogspot.com\/_DSKVEvHtskc\/SsiyIhRwLGI\/AAAAAAAAFcI\/aSOH9rUAL9k\/s400\/sergio+godinho+P.JPG\" border=\"0\" alt=\"\" id=\"BLOGGER_PHOTO_ID_5388752813590326370\" \/><\/a>Vamos com mais um portugu\u00eas nota 10, Sergio Godinho. Ele \u00e9 um dos maiores nomes da m\u00fasica popular portuguesa. Consagrado internacionalmente, embora pouco conhecido no Brasil. Como outros compositores portugueses postados aqui, Godinho tamb\u00e9m foi um representante da m\u00fasica de protesto em seu pa\u00eds. Este disco, o s\u00e9timo de sua carreira, me parece ter sido o \u00fanico lan\u00e7ado no Brasil. Ao longo desse tempo nunca vi um outro disco do cara por aqui. Suas composi\u00e7\u00f5es s\u00e3o bel\u00edssimas e merecia mais aten\u00e7\u00e3o p&#8217;r\u00e1s bandas de c\u00e1.<\/p>\n<div align=\"center\">Com brilhozinho nos olhos<\/div>\n<div align=\"center\">Eu contigo<\/div>\n<div align=\"center\">\u00c9 ter\u00e7a-feira<\/div>\n<div align=\"center\">Antes o po\u00e7o da morte<\/div>\n<div align=\"center\">O rei vai nu<\/div>\n<div align=\"center\">J\u00e1 joguei ao boxe, j\u00e1 toquei bateria<\/div>\n<div align=\"center\">Espalhem a not\u00edcia<\/div>\n<div align=\"center\">Caramba<\/div>\n<div align=\"center\">Sempre foi assim<\/div>\n<div align=\"center\">O Porto aqui t\u00e3o perto<\/div>\n<div align=\"center\">Bate o meu cora\u00e7\u00e3o<\/div>\n<div align=\"center\"><\/div>\n<div align=\"center\"><\/div>\n<div align=\"center\"><\/div>\n","protected":false},"excerpt":{"rendered":"<p>Vamos com mais um portugu\u00eas nota 10, Sergio Godinho. Ele \u00e9 um dos maiores nomes da m\u00fasica popular portuguesa. Consagrado internacionalmente, embora pouco conhecido no Brasil. Como outros compositores portugueses postados aqui, Godinho tamb\u00e9m foi um representante da m\u00fasica de &hellip; <a href=\"https:\/\/www.toque-musicall.com\/?p=1919\">Continue lendo <span class=\"meta-nav\">&rarr;<\/span><\/a><\/p>\n","protected":false},"author":1,"featured_media":0,"comment_status":"open","ping_status":"closed","sticky":false,"template":"","format":"standard","meta":{"footnotes":""},"categories":[1844],"tags":[],"class_list":["post-1919","post","type-post","status-publish","format-standard","hentry","category-sergio-godinho"],"_links":{"self":[{"href":"https:\/\/www.toque-musicall.com\/index.php?rest_route=\/wp\/v2\/posts\/1919","targetHints":{"allow":["GET"]}}],"collection":[{"href":"https:\/\/www.toque-musicall.com\/index.php?rest_route=\/wp\/v2\/posts"}],"about":[{"href":"https:\/\/www.toque-musicall.com\/index.php?rest_route=\/wp\/v2\/types\/post"}],"author":[{"embeddable":true,"href":"https:\/\/www.toque-musicall.com\/index.php?rest_route=\/wp\/v2\/users\/1"}],"replies":[{"embeddable":true,"href":"https:\/\/www.toque-musicall.com\/index.php?rest_route=%2Fwp%2Fv2%2Fcomments&post=1919"}],"version-history":[{"count":0,"href":"https:\/\/www.toque-musicall.com\/index.php?rest_route=\/wp\/v2\/posts\/1919\/revisions"}],"wp:attachment":[{"href":"https:\/\/www.toque-musicall.com\/index.php?rest_route=%2Fwp%2Fv2%2Fmedia&parent=1919"}],"wp:term":[{"taxonomy":"category","embeddable":true,"href":"https:\/\/www.toque-musicall.com\/index.php?rest_route=%2Fwp%2Fv2%2Fcategories&post=1919"},{"taxonomy":"post_tag","embeddable":true,"href":"https:\/\/www.toque-musicall.com\/index.php?rest_route=%2Fwp%2Fv2%2Ftags&post=1919"}],"curies":[{"name":"wp","href":"https:\/\/api.w.org\/{rel}","templated":true}]}}