{"id":192,"date":"2012-01-02T14:05:00","date_gmt":"2012-01-02T14:05:00","guid":{"rendered":"http:\/\/www.toque-musicall.com\/?p=192"},"modified":"2012-01-02T14:05:00","modified_gmt":"2012-01-02T14:05:00","slug":"raul-de-barros-ruy-rey-risadinha-e-roberto-ferri-selecao-78-rpm-do-toque-musical-2012","status":"publish","type":"post","link":"https:\/\/www.toque-musicall.com\/?p=192","title":{"rendered":"Raul De Barros, Ruy Rey, Risadinha E Roberto Ferri &#8211; Sele\u00e7\u00e3o 78 RPM Do Toque Musical (2012)"},"content":{"rendered":"<p><img decoding=\"async\" src=\"http:\/\/2.bp.blogspot.com\/-waO5kUvWhh0\/TwG5vRa1poI\/AAAAAAAAAxg\/3z0PLtvYz5E\/s400\/CAPA+P.JPG\" style=\"display:block; margin:0px auto 10px; text-align:center;cursor:pointer; cursor:hand;width: 400px; height: 400px;\" border=\"0\" alt=\"\" id=\"BLOGGER_PHOTO_ID_5693035625753978498\" \/><a href=\"http:\/\/1.bp.blogspot.com\/-gmZlZUJh6pQ\/TwG7cxNWCvI\/AAAAAAAAAxs\/-3eAeyZrHVA\/s1600\/CONTRACAPA+F.JPG\"><img decoding=\"async\" style=\"display:block; margin:0px auto 10px; text-align:center;cursor:pointer; cursor:hand;width: 400px; height: 400px;\" src=\"http:\/\/1.bp.blogspot.com\/-gmZlZUJh6pQ\/TwG7cxNWCvI\/AAAAAAAAAxs\/-3eAeyZrHVA\/s400\/CONTRACAPA+F.JPG\" border=\"0\" alt=\"\" id=\"BLOGGER_PHOTO_ID_5693037506893056754\" \/><\/a><\/p>\n<p><span   style=\"font-family:georgia;font-size:100%;\">Amigos cultos e ocultos do Toque Musical, espero que voc\u00eas tenham tido uma excelente passagem de ano. E \u00e9 com muita alegria que lhes apresentamos a sexta edi\u00e7\u00e3o do Grand Record Brasil, a primeira deste novo ano de 2012. Para come\u00e7ar, aqui est\u00e1 um<span style=\"mso-spacerun: yes\">  <\/span>m\u00fasico que foi tamb\u00e9m chefe de orquestra: Roberto Ferri. Junto com o pai, Orlando Ferri, ele animava bailes por todo o Estado de S\u00e3o Paulo, apoiado por m\u00fasicos bastante qualificados e experientes. O disco desse not\u00e1vel m\u00fasico escolhido para esta sele\u00e7\u00e3o foi o Odeon 13327, gravado no dia 29 de maio de 1952 e chegado \u00e0s lojas em setembro seguinte. Ferri, atuando ao solovox (instrumento considerado o primeiro sintetizador monof\u00f4nico da hist\u00f3ria da m\u00fasica) e apoiado por regional, executa no lado A, matriz<span style=\"mso-spacerun: yes\">  <\/span>9325, dois cl\u00e1ssicos do inesquec\u00edvel poeta do mar da Bahia, Dorival Caymmi: \u201dA jangada voltou s\u00f3\u201d e \u201c\u00c9 doce morrer no mar\u201d (esta \u00faltima \u00e9 uma parceria com o escritor, tamb\u00e9m baiano, Jorge Amado, que \u00e0s vezes, como aqui, era omitido nos selos dos discos). No lado B, matriz 9324, por conseguinte gravada antes, Ferri executa o choro \u201cLevanta poeira\u201d, do mestre de Santa Rita do Passa Quatro, Zequinha de Abreu (1880-1935), editado como \u201cchorinho sapeca\u201d, e cuja primeira grava\u00e7\u00e3o s\u00f3 se deu em 1942, na Victor, pela Orquestra do maestro Passos. Em seguida, iremos relembrar Domingos Zeminian, que ganhou a imortalidade com o pseud\u00f4nimo de Ruy Rey (S\u00e3o Paulo, 1915-Rio de Janeiro, 1995). Ator, cantor, compositor e \u201cband-leader\u201d, especializou-se na interpreta\u00e7\u00e3o de ritmos hisp\u00e2nico-americanos (bolero, rumba, mambo,<span style=\"mso-spacerun: yes\">  <\/span>guaracha, ch\u00e1-ch\u00e1-ch\u00e1, etc.). E tamb\u00e9m era de carnaval (quem n\u00e3o se lembra, por exemplo, da marchinha \u201cA mulata \u00e9 a tal\u201d?). Tanto<span style=\"mso-spacerun: yes\">  <\/span>que o disco apresentado aqui \u00e9 o Continental 15974, gravado em outubro de 1948 e lan\u00e7ado em janeiro de 49, claro, um m\u00eas antes da folia, com duas marchinhas. Com acompanhamento da Orquestra Tabajara de Severino Ara\u00fajo, ele interpreta no lado A, matriz 1978, gravado no dia 8, \u201cEspanhola diferente\u201d, composta por N\u00e1ssara, autor de in\u00fameros \u00eaxitos carnavalescos, e pelo<span style=\"mso-spacerun: yes\">  <\/span>alagoano Peterpan, que no g\u00eanero tamb\u00e9m nos deu hits como \u201cApanhador de papel\u201d e \u201cMarcha do caracol\u201d. No lado B, gravado no dia 6, portanto dois dias antes, matriz 1974, temos \u201cLegion\u00e1rio\u201d, de Jo\u00e3o \u201cBraguinha\u201d de Barro, outro nome que muito contribuiu para engrandecer nosso repert\u00f3rio carnavalesco, em parceria com Jos\u00e9 Maria de Abreu, paulista de Jacare\u00ed,<span style=\"mso-spacerun: yes\">   <\/span>que concebeu<span style=\"mso-spacerun: yes\">  <\/span>v\u00e1rios hits cl\u00e1ssicos de nosso cancioneiro, bastando lembrar \u201cAlgu\u00e9m como tu\u201d, \u201cE tome polca\u201d, \u201cSe amar \u00e9 bom\u201d e \u201cBoa noite, amor\u201d, o prefixo pessoal de Francisco Alves. Ali\u00e1s o carnaval de 1949 foi um dos mais ricos<span style=\"mso-spacerun: yes\">  <\/span>em termos musicais, bastando lembrar, por exemplo, \u201cChiquita bacana\u201d, \u201cPedreiro Valdemar\u201d, \u201cJacarepagu\u00e1\u201d,<span style=\"mso-spacerun: yes\">  <\/span>\u201cA Lapa\u201d, \u201cN\u00eaga maluca\u201d, \u201cA coroa do rei\u201d, \u201cBalzaqueana\u201d&#8230; A seguir, um mestre do trombone: Raul de Machado de Barros (Rio de Janeiro, 1915-Itabora\u00ed, RJ, 2009). M\u00fasico e maestro dos mais not\u00e1veis, ele aqui executa dois choros \u00e0 frente de seu regional, gravados na Odeon em 15 de junho de 1949 e lan\u00e7ados em setembro seguinte no disco 12948. No lado A, matriz 8521, temos \u201cEu, hein!\u201d, de autoria de Felisberto Martins, \u00e0 \u00e9poca tamb\u00e9m diretor art\u00edstico da Odeon. E o lado B, matriz 8520, \u00e9 simplesmente um dos cl\u00e1ssicos do chamado \u201crepert\u00f3rio de gafieira\u201d: \u201cNa Gl\u00f3ria\u201d, composto pelo pr\u00f3prio Raul em parceria com Ary dos Santos. Um sucesso inesquec\u00edvel, por ele regravado em outras oportunidades com a mesma compet\u00eancia. At\u00e9 eu estava esperando para ter este registro original em minha cole\u00e7\u00e3o, tenho que confessar! Encerrando, temos Francisco Ferraz Neto, ali\u00e1s, Risadinha (S\u00e3o Paulo, 1921-Rio de Janeiro, 1976), que evidentemente ganhou esse apelido por seu temperamento alegre. Ele marcou presen\u00e7a sobretudo no carnaval, com hits do porte de \u201cO doutor n\u00e3o gosta\u201d e \u201cSe eu errei\u201d. Risadinha aqui comparece com o disco Odeon 13599, gravado logo no comecinho de 1954 (4 de janeiro) e ido para as lojas em mar\u00e7o seguinte. Acompanhado de regional, ele regravou dois sucessos: no lado A, matriz 10017, o roj\u00e3o (esp\u00e9cie de bai\u00e3o mais acelerado) \u201cForr\u00f3 em Limoeiro\u201d, de Edgar Ferreira, lan\u00e7ado no final do ano anterior por Jackson do Pandeiro em seu primeiro disco. No lado B, matriz 10018, um cl\u00e1ssico do samba: \u201cSe acaso voc\u00ea chegasse\u201d, de Lupic\u00ednio Rodrigues e Felisberto Martins, primeiro sucesso nacional de Lupi, originalmente lan\u00e7ado em 1938 pelo tamb\u00e9m estreante Ciro Monteiro. Samba esse que receberia in\u00fameros outros registros de sucesso, e que projetaria, em 1959, Elza Soares. Enfim, o GRB come\u00e7a o ano novo com o p\u00e9 direito, e fa\u00e7o votos que todos tenham um \u00f3timo 2012,<span style=\"mso-spacerun: yes\">  <\/span>repleto de alegrias, realiza\u00e7\u00f5es e conquistas! <\/span><\/p>\n<p><span   style=\"font-family:georgia;font-size:100%;\">*<\/span><span  style=\" ;font-family:'Times New Roman';\"><span  style=\"font-size:78%;\">SAMUEL MACHADO FILHO<\/span><\/span><\/p>\n<p><span  style=\" ;font-family:Arial;\"><br \/><\/span><\/p>\n","protected":false},"excerpt":{"rendered":"<p>Amigos cultos e ocultos do Toque Musical, espero que voc\u00eas tenham tido uma excelente passagem de ano. E \u00e9 com muita alegria que lhes apresentamos a sexta edi\u00e7\u00e3o do Grand Record Brasil, a primeira deste novo ano de 2012. Para &hellip; <a href=\"https:\/\/www.toque-musicall.com\/?p=192\">Continue lendo <span class=\"meta-nav\">&rarr;<\/span><\/a><\/p>\n","protected":false},"author":1,"featured_media":0,"comment_status":"open","ping_status":"closed","sticky":false,"template":"","format":"standard","meta":{"footnotes":""},"categories":[11,219,352,350,351,13],"tags":[],"class_list":["post-192","post","type-post","status-publish","format-standard","hentry","category-exclusivos-do-toque-musical","category-raul-de-barros","category-risadinha","category-roberto-ferri","category-ruy-rey","category-selo-grand-record-brazil"],"_links":{"self":[{"href":"https:\/\/www.toque-musicall.com\/index.php?rest_route=\/wp\/v2\/posts\/192","targetHints":{"allow":["GET"]}}],"collection":[{"href":"https:\/\/www.toque-musicall.com\/index.php?rest_route=\/wp\/v2\/posts"}],"about":[{"href":"https:\/\/www.toque-musicall.com\/index.php?rest_route=\/wp\/v2\/types\/post"}],"author":[{"embeddable":true,"href":"https:\/\/www.toque-musicall.com\/index.php?rest_route=\/wp\/v2\/users\/1"}],"replies":[{"embeddable":true,"href":"https:\/\/www.toque-musicall.com\/index.php?rest_route=%2Fwp%2Fv2%2Fcomments&post=192"}],"version-history":[{"count":0,"href":"https:\/\/www.toque-musicall.com\/index.php?rest_route=\/wp\/v2\/posts\/192\/revisions"}],"wp:attachment":[{"href":"https:\/\/www.toque-musicall.com\/index.php?rest_route=%2Fwp%2Fv2%2Fmedia&parent=192"}],"wp:term":[{"taxonomy":"category","embeddable":true,"href":"https:\/\/www.toque-musicall.com\/index.php?rest_route=%2Fwp%2Fv2%2Fcategories&post=192"},{"taxonomy":"post_tag","embeddable":true,"href":"https:\/\/www.toque-musicall.com\/index.php?rest_route=%2Fwp%2Fv2%2Ftags&post=192"}],"curies":[{"name":"wp","href":"https:\/\/api.w.org\/{rel}","templated":true}]}}