{"id":1920,"date":"2007-11-11T11:29:00","date_gmt":"2007-11-11T11:29:00","guid":{"rendered":"http:\/\/www.toque-musicall.com\/?p=1920"},"modified":"2007-11-11T11:29:00","modified_gmt":"2007-11-11T11:29:00","slug":"fausto-bordalo-dias-para-alem-das-corilheiras-1987","status":"publish","type":"post","link":"https:\/\/www.toque-musicall.com\/?p=1920","title":{"rendered":"Fausto Bordalo Dias &#8211; Para Al\u00e9m Das Corilheiras (1987)"},"content":{"rendered":"<p><a href=\"http:\/\/1.bp.blogspot.com\/_DSKVEvHtskc\/RzbpW1qdC-I\/AAAAAAAAAwI\/QaNxIQhlzFo\/s1600-h\/fausto.JPG\"><img decoding=\"async\" id=\"BLOGGER_PHOTO_ID_5131545404006796258\" style=\"DISPLAY: block; MARGIN: 0px auto 10px; CURSOR: hand; TEXT-ALIGN: center\" alt=\"\" src=\"http:\/\/1.bp.blogspot.com\/_DSKVEvHtskc\/RzbpW1qdC-I\/AAAAAAAAAwI\/QaNxIQhlzFo\/s400\/fausto.JPG\" border=\"0\" \/><\/a> Considerado por muitos como o compositor e int\u00e9rprete mais carism\u00e1tico da M\u00fasica Popular Portuguesa, Fausto Bordalo Dias est\u00e1 em disco desde 1970 &#8211; quando gravou seu primeiro lp, que inclu\u00ed diversos textos de poetas portugueses. Como outros compositores e artistas portugueses, Fausto tamb\u00e9m esteve envolvido com a m\u00fasica de protesto durante os anos 70. Pelas bandas de c\u00e1, o cara \u00e9 muito pouco conhecido. O disco que temos aqui, o \u00fanico lan\u00e7ado no Brasil, j\u00e1 \u00e9 de uma nova fase. A viv\u00eancia nos anos 80 e como o pr\u00f3prio t\u00edtulo nos sugere, para al\u00e9m das cordilheiras. Segundo dizem, este \u00e9 o \u00e1lbum mais europeu do compositor e que lhe valeu o pr\u00eamio Jos\u00e9 Afonso, no Festival de M\u00fasica Popular da Amadora.<\/p>\n<div align=\"center\">Lusitana<\/div>\n<div align=\"center\">Toda a Europa \u00e0 proa<\/div>\n<div align=\"center\">Foi por ela<\/div>\n<div align=\"center\">Prego a fundo<\/div>\n<div align=\"center\">Ali est\u00e1 a cidade<\/div>\n<div align=\"center\">Porque me olhas assim<\/div>\n<div align=\"center\">Eu c\u00e1 sou do &#8220;midi&#8221;<\/div>\n<div align=\"center\">Europa, querida Europa<\/div>\n<div align=\"center\">De ocidente a oriente<\/div>\n<div align=\"center\"> <\/div>\n<div align=\"center\"> <\/div>\n","protected":false},"excerpt":{"rendered":"<p>Considerado por muitos como o compositor e int\u00e9rprete mais carism\u00e1tico da M\u00fasica Popular Portuguesa, Fausto Bordalo Dias est\u00e1 em disco desde 1970 &#8211; quando gravou seu primeiro lp, que inclu\u00ed diversos textos de poetas portugueses. Como outros compositores e artistas &hellip; <a href=\"https:\/\/www.toque-musicall.com\/?p=1920\">Continue lendo <span class=\"meta-nav\">&rarr;<\/span><\/a><\/p>\n","protected":false},"author":1,"featured_media":0,"comment_status":"open","ping_status":"closed","sticky":false,"template":"","format":"standard","meta":{"footnotes":""},"categories":[1845],"tags":[],"class_list":["post-1920","post","type-post","status-publish","format-standard","hentry","category-fausto"],"_links":{"self":[{"href":"https:\/\/www.toque-musicall.com\/index.php?rest_route=\/wp\/v2\/posts\/1920","targetHints":{"allow":["GET"]}}],"collection":[{"href":"https:\/\/www.toque-musicall.com\/index.php?rest_route=\/wp\/v2\/posts"}],"about":[{"href":"https:\/\/www.toque-musicall.com\/index.php?rest_route=\/wp\/v2\/types\/post"}],"author":[{"embeddable":true,"href":"https:\/\/www.toque-musicall.com\/index.php?rest_route=\/wp\/v2\/users\/1"}],"replies":[{"embeddable":true,"href":"https:\/\/www.toque-musicall.com\/index.php?rest_route=%2Fwp%2Fv2%2Fcomments&post=1920"}],"version-history":[{"count":0,"href":"https:\/\/www.toque-musicall.com\/index.php?rest_route=\/wp\/v2\/posts\/1920\/revisions"}],"wp:attachment":[{"href":"https:\/\/www.toque-musicall.com\/index.php?rest_route=%2Fwp%2Fv2%2Fmedia&parent=1920"}],"wp:term":[{"taxonomy":"category","embeddable":true,"href":"https:\/\/www.toque-musicall.com\/index.php?rest_route=%2Fwp%2Fv2%2Fcategories&post=1920"},{"taxonomy":"post_tag","embeddable":true,"href":"https:\/\/www.toque-musicall.com\/index.php?rest_route=%2Fwp%2Fv2%2Ftags&post=1920"}],"curies":[{"name":"wp","href":"https:\/\/api.w.org\/{rel}","templated":true}]}}