{"id":1921,"date":"2007-11-11T01:37:00","date_gmt":"2007-11-11T01:37:00","guid":{"rendered":"http:\/\/www.toque-musicall.com\/?p=1921"},"modified":"2007-11-11T01:37:00","modified_gmt":"2007-11-11T01:37:00","slug":"agustin-pereyra-lucena-1970","status":"publish","type":"post","link":"https:\/\/www.toque-musicall.com\/?p=1921","title":{"rendered":"Agustin Pereyra Lucena (1970)"},"content":{"rendered":"<p><a href=\"http:\/\/4.bp.blogspot.com\/_DSKVEvHtskc\/RzZgnlqdC9I\/AAAAAAAAAwA\/NHnlDsm5Klk\/s1600-h\/agustin-pereyra-lucena.jpg\"><img decoding=\"async\" id=\"BLOGGER_PHOTO_ID_5131395058676599762\" style=\"DISPLAY: block; MARGIN: 0px auto 10px; CURSOR: hand; TEXT-ALIGN: center\" alt=\"\" src=\"http:\/\/4.bp.blogspot.com\/_DSKVEvHtskc\/RzZgnlqdC9I\/AAAAAAAAAwA\/NHnlDsm5Klk\/s400\/agustin-pereyra-lucena.jpg\" border=\"0\" \/><\/a>Outro cara pouco divulgado por aqui \u00e9 Agustin Pereyra Lucena, compositor e violonista argentino. Ali\u00e1s, pouco divulgado at\u00e9 mesmo na rede. H\u00e1 muito pouca coisa sobre ele, al\u00e9m de seu site. Sua m\u00fasica \u00e9 uma mistura de jazz, bossa e elementos latinos &#8211; sendo a Bossa Nova e Baden Powell uma eterna fonte de inspira\u00e7\u00e3o e tributos. O disco que tenho aqui foi seu primeiro trabalho, um \u00e1lbum voltado interiamente para a Bossa Nova. Lindo, perfeito de se ouvir como a bossa in jazz. Agustin gravou no ano seguinte um disco com o Nan\u00e1 Vasconcelos. Eu nunca ouvi, mas tenho interesse&#8230;  Se algu\u00e9m tiver, por favor, mande um link para mim. <\/p>\n<div> <\/div>\n<div align=\"center\"><\/div>\n<div align=\"center\">O astronauta (Baden Powell &#8211; Vinicius de Moraes)<\/div>\n<div align=\"center\">Tristeza de nos dois (Mauricio Einhorn &#8211; Durval Ferreira &#8211; Bebeto)<br \/>Chuva (Pedro Camargo &#8211; Durval Ferreira)<br \/>Tema para Mart\u00edn (J. Demonte)<br \/>Consola\u00e7\u00e3o (Baden Powell &#8211; Vinicius de Moraes)<br \/>Canto de Ossanha (Baden Powell &#8211; Vinicius de Moraes)<br \/>Pro Forma (Mauricio Einhorn &#8211; Arnaldo Costa)<br \/>Samba do Avi\u00e3o (A. Carlos Jobim)<br \/>Ni\u00f1a no divagues (A. y F. Pereyra Lucena)<br \/>Berimbau (Baden Powell &#8211; Vinicius de Moraes) <\/div>\n<div align=\"center\"><\/div>\n<div align=\"center\"><\/div>\n","protected":false},"excerpt":{"rendered":"<p>Outro cara pouco divulgado por aqui \u00e9 Agustin Pereyra Lucena, compositor e violonista argentino. Ali\u00e1s, pouco divulgado at\u00e9 mesmo na rede. H\u00e1 muito pouca coisa sobre ele, al\u00e9m de seu site. Sua m\u00fasica \u00e9 uma mistura de jazz, bossa e &hellip; <a href=\"https:\/\/www.toque-musicall.com\/?p=1921\">Continue lendo <span class=\"meta-nav\">&rarr;<\/span><\/a><\/p>\n","protected":false},"author":1,"featured_media":0,"comment_status":"open","ping_status":"closed","sticky":false,"template":"","format":"standard","meta":{"footnotes":""},"categories":[1846],"tags":[],"class_list":["post-1921","post","type-post","status-publish","format-standard","hentry","category-agustin-pereyra-lucena"],"_links":{"self":[{"href":"https:\/\/www.toque-musicall.com\/index.php?rest_route=\/wp\/v2\/posts\/1921","targetHints":{"allow":["GET"]}}],"collection":[{"href":"https:\/\/www.toque-musicall.com\/index.php?rest_route=\/wp\/v2\/posts"}],"about":[{"href":"https:\/\/www.toque-musicall.com\/index.php?rest_route=\/wp\/v2\/types\/post"}],"author":[{"embeddable":true,"href":"https:\/\/www.toque-musicall.com\/index.php?rest_route=\/wp\/v2\/users\/1"}],"replies":[{"embeddable":true,"href":"https:\/\/www.toque-musicall.com\/index.php?rest_route=%2Fwp%2Fv2%2Fcomments&post=1921"}],"version-history":[{"count":0,"href":"https:\/\/www.toque-musicall.com\/index.php?rest_route=\/wp\/v2\/posts\/1921\/revisions"}],"wp:attachment":[{"href":"https:\/\/www.toque-musicall.com\/index.php?rest_route=%2Fwp%2Fv2%2Fmedia&parent=1921"}],"wp:term":[{"taxonomy":"category","embeddable":true,"href":"https:\/\/www.toque-musicall.com\/index.php?rest_route=%2Fwp%2Fv2%2Fcategories&post=1921"},{"taxonomy":"post_tag","embeddable":true,"href":"https:\/\/www.toque-musicall.com\/index.php?rest_route=%2Fwp%2Fv2%2Ftags&post=1921"}],"curies":[{"name":"wp","href":"https:\/\/api.w.org\/{rel}","templated":true}]}}