{"id":1923,"date":"2007-11-10T20:37:00","date_gmt":"2007-11-10T20:37:00","guid":{"rendered":"http:\/\/www.toque-musicall.com\/?p=1923"},"modified":"2007-11-10T20:37:00","modified_gmt":"2007-11-10T20:37:00","slug":"jose-afonso-cantigas-do-maio-1971","status":"publish","type":"post","link":"https:\/\/www.toque-musicall.com\/?p=1923","title":{"rendered":"Jos\u00e9 Afonso &#8211; Cantigas Do Maio (1971)"},"content":{"rendered":"<p><a href=\"http:\/\/2.bp.blogspot.com\/_DSKVEvHtskc\/RzYZkFqdC6I\/AAAAAAAAAvo\/mPMhN2wcpLs\/s1600-h\/1971_cantigasmaio.jpg\"><img decoding=\"async\" id=\"BLOGGER_PHOTO_ID_5131316933221485474\" style=\"DISPLAY: block; MARGIN: 0px auto 10px; CURSOR: hand; TEXT-ALIGN: center\" alt=\"\" src=\"http:\/\/2.bp.blogspot.com\/_DSKVEvHtskc\/RzYZkFqdC6I\/AAAAAAAAAvo\/mPMhN2wcpLs\/s400\/1971_cantigasmaio.jpg\" border=\"0\" \/><\/a> Eis um disco que n\u00e3o poderia faltar neste toque pr\u00e1 l\u00e1 de musical. &#8220;Cantigas do Maio&#8221; \u00e9 um \u00e1lbum cl\u00e1ssico da m\u00fasica popular portuguesa. \u00c9 neste disco que surge &#8220;Gr\u00e2ndola Vila Morena&#8221;, que ser\u00e1 mais tarde imortalizada como um dos s\u00edmbolos da revolu\u00e7\u00e3o de Abril, conhecida mundialmente e por aqui tamb\u00e9m cantada e tocada. Jos\u00e9 Afonso, tamb\u00e9m conhecido na &#8220;terrinha&#8221; como Zeca Afonso, foi um dos mais ilustres compositores portugueses. Ele foi um dos grandes incentivadores do fado e da m\u00fasica tradicional portuguesa, mas sua fama est\u00e1 associada \u00e0 m\u00fasica de protesto, atrav\u00e9s da qual criticava o Estado Novo, regime de ditadura vigente em Portugal entre 1933 e 1974.<\/p>\n<div align=\"center\">01 &#8211; Senhor Arcanjo (Jos\u00e9 Afonso)<\/div>\n<div align=\"center\">02 &#8211; Cantigas do Maio (popular\/Jos\u00e9 Afonso)<\/div>\n<div align=\"center\">03 &#8211; Milho Verde (popular\/arr. Jos\u00e9 M\u00e1rio Branco)<\/div>\n<div align=\"center\">04 &#8211; Cantar Alentejano (Jos\u00e9 Afonso)<\/div>\n<div align=\"center\">05 &#8211; Gr\u00e2ndola, Vila Morena (Jos\u00e9 Afonso)<\/div>\n<div align=\"center\">06 &#8211; Maio Maduro Maio (Jos\u00e9 Afonso)<\/div>\n<div align=\"center\">07 &#8211; Mulher da Erva (Jos\u00e9 Afonso)<\/div>\n<div align=\"center\">08 &#8211; Ronda das Mafarricas (Ant\u00f3nio Quadros\/Jos\u00e9 Afonso)<\/div>\n<div align=\"center\">09 &#8211; Coro da Primavera (Jos\u00e9 Afonso)<\/div>\n<div align=\"center\"><\/div>\n<div align=\"center\"><\/div>\n","protected":false},"excerpt":{"rendered":"<p>Eis um disco que n\u00e3o poderia faltar neste toque pr\u00e1 l\u00e1 de musical. &#8220;Cantigas do Maio&#8221; \u00e9 um \u00e1lbum cl\u00e1ssico da m\u00fasica popular portuguesa. \u00c9 neste disco que surge &#8220;Gr\u00e2ndola Vila Morena&#8221;, que ser\u00e1 mais tarde imortalizada como um dos &hellip; <a href=\"https:\/\/www.toque-musicall.com\/?p=1923\">Continue lendo <span class=\"meta-nav\">&rarr;<\/span><\/a><\/p>\n","protected":false},"author":1,"featured_media":0,"comment_status":"open","ping_status":"closed","sticky":false,"template":"","format":"standard","meta":{"footnotes":""},"categories":[1847],"tags":[],"class_list":["post-1923","post","type-post","status-publish","format-standard","hentry","category-jose-afonso"],"_links":{"self":[{"href":"https:\/\/www.toque-musicall.com\/index.php?rest_route=\/wp\/v2\/posts\/1923","targetHints":{"allow":["GET"]}}],"collection":[{"href":"https:\/\/www.toque-musicall.com\/index.php?rest_route=\/wp\/v2\/posts"}],"about":[{"href":"https:\/\/www.toque-musicall.com\/index.php?rest_route=\/wp\/v2\/types\/post"}],"author":[{"embeddable":true,"href":"https:\/\/www.toque-musicall.com\/index.php?rest_route=\/wp\/v2\/users\/1"}],"replies":[{"embeddable":true,"href":"https:\/\/www.toque-musicall.com\/index.php?rest_route=%2Fwp%2Fv2%2Fcomments&post=1923"}],"version-history":[{"count":0,"href":"https:\/\/www.toque-musicall.com\/index.php?rest_route=\/wp\/v2\/posts\/1923\/revisions"}],"wp:attachment":[{"href":"https:\/\/www.toque-musicall.com\/index.php?rest_route=%2Fwp%2Fv2%2Fmedia&parent=1923"}],"wp:term":[{"taxonomy":"category","embeddable":true,"href":"https:\/\/www.toque-musicall.com\/index.php?rest_route=%2Fwp%2Fv2%2Fcategories&post=1923"},{"taxonomy":"post_tag","embeddable":true,"href":"https:\/\/www.toque-musicall.com\/index.php?rest_route=%2Fwp%2Fv2%2Ftags&post=1923"}],"curies":[{"name":"wp","href":"https:\/\/api.w.org\/{rel}","templated":true}]}}