{"id":1928,"date":"2007-11-08T08:25:00","date_gmt":"2007-11-08T08:25:00","guid":{"rendered":"http:\/\/www.toque-musicall.com\/?p=1928"},"modified":"2007-11-08T08:25:00","modified_gmt":"2007-11-08T08:25:00","slug":"inkaquenas-los-quechuas-1979","status":"publish","type":"post","link":"https:\/\/www.toque-musicall.com\/?p=1928","title":{"rendered":"Inkaquenas &#8211; Los Quechuas (1979)"},"content":{"rendered":"<p><a href=\"http:\/\/2.bp.blogspot.com\/_DSKVEvHtskc\/RzLUnFqdCuI\/AAAAAAAAAuI\/1Bn3oJQTxwU\/s1600-h\/los+quechuas+P.JPG\"><img decoding=\"async\" id=\"BLOGGER_PHOTO_ID_5130396693528644322\" style=\"DISPLAY: block; MARGIN: 0px auto 10px; CURSOR: hand; TEXT-ALIGN: center\" alt=\"\" src=\"http:\/\/2.bp.blogspot.com\/_DSKVEvHtskc\/RzLUnFqdCuI\/AAAAAAAAAuI\/1Bn3oJQTxwU\/s400\/los+quechuas+P.JPG\" border=\"0\" \/><\/a> Sempre tive uma d\u00favida com este disco. A princ\u00edpio eu achava que o grupo se chamasse Los Quechuas. Na capa e contra-capa n\u00e3o h\u00e1 refer\u00eancias e nem mesmo no selo. Procurei informa\u00e7\u00f5es na rede, mas s\u00f3 encontrei pistas que me levaram a entender que o grupo se chama Inkaquenas. Embora o disco tenha sido gravado na Argentina, os Inkaquenas s\u00e3o peruanos. Os Quechuas s\u00e3o descendentes da cultura Inca. Habitaram a Colombia, Equador, Peru, Bolivia, Argentina e Chile, transformando-se em uma das maiores etnias da America do Sul.<br \/>A m\u00fasicas deste disco fazem parte do folclore andino. S\u00e3o obras bem populares, mesmo no Brasil. Quem nunca ouviu &#8220;el condor pasa&#8221;, &#8220;moliendo cafe&#8221; ou mesmo &#8220;carnavalito&#8221;?<\/p>\n<div align=\"center\">1-humahuaqueno<\/div>\n<div align=\"center\">2-el condor pasa<\/div>\n<div align=\"center\">3-moliendo cafe<\/div>\n<div align=\"center\">4-virgenes del sol<\/div>\n<div align=\"center\">5-pajaro campana<\/div>\n<div align=\"center\">6-chelijchi<\/div>\n<div align=\"center\">7-carnavalito<\/div>\n<div align=\"center\">8-tarqueada<\/div>\n<div align=\"center\">9-amor indio<\/div>\n<div align=\"center\">10-danza altiplano<\/div>\n<div align=\"center\">11-cacharpaya del indio<\/div>\n<div align=\"center\">12-america india<\/div>\n<div align=\"center\"><\/div>\n<div align=\"center\"><\/div>\n<div align=\"center\"> <\/div>\n","protected":false},"excerpt":{"rendered":"<p>Sempre tive uma d\u00favida com este disco. A princ\u00edpio eu achava que o grupo se chamasse Los Quechuas. Na capa e contra-capa n\u00e3o h\u00e1 refer\u00eancias e nem mesmo no selo. Procurei informa\u00e7\u00f5es na rede, mas s\u00f3 encontrei pistas que me &hellip; <a href=\"https:\/\/www.toque-musicall.com\/?p=1928\">Continue lendo <span class=\"meta-nav\">&rarr;<\/span><\/a><\/p>\n","protected":false},"author":1,"featured_media":0,"comment_status":"open","ping_status":"closed","sticky":false,"template":"","format":"standard","meta":{"footnotes":""},"categories":[1852],"tags":[],"class_list":["post-1928","post","type-post","status-publish","format-standard","hentry","category-inkaquenas"],"_links":{"self":[{"href":"https:\/\/www.toque-musicall.com\/index.php?rest_route=\/wp\/v2\/posts\/1928","targetHints":{"allow":["GET"]}}],"collection":[{"href":"https:\/\/www.toque-musicall.com\/index.php?rest_route=\/wp\/v2\/posts"}],"about":[{"href":"https:\/\/www.toque-musicall.com\/index.php?rest_route=\/wp\/v2\/types\/post"}],"author":[{"embeddable":true,"href":"https:\/\/www.toque-musicall.com\/index.php?rest_route=\/wp\/v2\/users\/1"}],"replies":[{"embeddable":true,"href":"https:\/\/www.toque-musicall.com\/index.php?rest_route=%2Fwp%2Fv2%2Fcomments&post=1928"}],"version-history":[{"count":0,"href":"https:\/\/www.toque-musicall.com\/index.php?rest_route=\/wp\/v2\/posts\/1928\/revisions"}],"wp:attachment":[{"href":"https:\/\/www.toque-musicall.com\/index.php?rest_route=%2Fwp%2Fv2%2Fmedia&parent=1928"}],"wp:term":[{"taxonomy":"category","embeddable":true,"href":"https:\/\/www.toque-musicall.com\/index.php?rest_route=%2Fwp%2Fv2%2Fcategories&post=1928"},{"taxonomy":"post_tag","embeddable":true,"href":"https:\/\/www.toque-musicall.com\/index.php?rest_route=%2Fwp%2Fv2%2Ftags&post=1928"}],"curies":[{"name":"wp","href":"https:\/\/api.w.org\/{rel}","templated":true}]}}