{"id":1929,"date":"2007-11-08T08:12:00","date_gmt":"2007-11-08T08:12:00","guid":{"rendered":"http:\/\/www.toque-musicall.com\/?p=1929"},"modified":"2007-11-08T08:12:00","modified_gmt":"2007-11-08T08:12:00","slug":"bana-canta-a-magia-de-cabo-verde-1972","status":"publish","type":"post","link":"https:\/\/www.toque-musicall.com\/?p=1929","title":{"rendered":"Bana &#8211; Canta A Magia De Cabo Verde (1972)"},"content":{"rendered":"<p><a href=\"http:\/\/2.bp.blogspot.com\/_DSKVEvHtskc\/RzNdN1qdC0I\/AAAAAAAAAu4\/1UMElDkfl4k\/s1600-h\/Bana+-.JPG\"><img decoding=\"async\" id=\"BLOGGER_PHOTO_ID_5130546892829952834\" style=\"DISPLAY: block; MARGIN: 0px auto 10px; CURSOR: hand; TEXT-ALIGN: center\" alt=\"\" src=\"http:\/\/2.bp.blogspot.com\/_DSKVEvHtskc\/RzNdN1qdC0I\/AAAAAAAAAu4\/1UMElDkfl4k\/s400\/Bana+-.JPG\" border=\"0\" \/><\/a>Como havia dito, logo no in\u00edcio da semana, minha intens\u00e3o nos pr\u00f3ximos dias \u00e9 a de postar algumas coisas de nossos &#8216;hermanos&#8217; vizinhos latinos e tamb\u00e9m os irm\u00e3os de l\u00edngua portuguesa. Pelo jeito, terei que extender por mais uma semana esses toques, pois al\u00e9m de ter muita bala na agulha, estamos tamb\u00e9m fazendo muito sucesso.<br \/>Bana \u00e9 considerado uma das maiores vozes de Cabo Verde, um fruto da magia da cidade do Mindelo. Foi um dos primeiros artistas a ser reconhecido na Europa.<\/p>\n<div><\/div>\n<div align=\"center\">01 Sayko<\/div>\n<div align=\"center\">02 Judith<\/div>\n<div align=\"center\">03 Alfacinha<\/div>\n<div align=\"center\">04 Mar de canal<\/div>\n<div align=\"center\">05 Sodade de Cabo Verde<\/div>\n<div align=\"center\">06 Separa\u00e7\u00e3o<\/div>\n<div align=\"center\">07 Sangue de Berona<\/div>\n<div align=\"center\">08 Tchan de pedra<\/div>\n<div align=\"center\">09 Nha Bolanha<\/div>\n<div align=\"center\">10 Ondas tchora<\/div>\n<div align=\"center\">11 Sonho Di Nha&#8217; Spreranca<\/div>\n<div align=\"center\">12 Nha Bitinha<\/div>\n<div align=\"center\"><\/div>\n<div align=\"center\"><\/div>\n<div><a href=\"http:\/\/www.mediafire.com\/download.php?8ztdjhe9tez\"><\/a><\/div>\n","protected":false},"excerpt":{"rendered":"<p>Como havia dito, logo no in\u00edcio da semana, minha intens\u00e3o nos pr\u00f3ximos dias \u00e9 a de postar algumas coisas de nossos &#8216;hermanos&#8217; vizinhos latinos e tamb\u00e9m os irm\u00e3os de l\u00edngua portuguesa. Pelo jeito, terei que extender por mais uma semana &hellip; <a href=\"https:\/\/www.toque-musicall.com\/?p=1929\">Continue lendo <span class=\"meta-nav\">&rarr;<\/span><\/a><\/p>\n","protected":false},"author":1,"featured_media":0,"comment_status":"open","ping_status":"closed","sticky":false,"template":"","format":"standard","meta":{"footnotes":""},"categories":[1853],"tags":[],"class_list":["post-1929","post","type-post","status-publish","format-standard","hentry","category-bana"],"_links":{"self":[{"href":"https:\/\/www.toque-musicall.com\/index.php?rest_route=\/wp\/v2\/posts\/1929","targetHints":{"allow":["GET"]}}],"collection":[{"href":"https:\/\/www.toque-musicall.com\/index.php?rest_route=\/wp\/v2\/posts"}],"about":[{"href":"https:\/\/www.toque-musicall.com\/index.php?rest_route=\/wp\/v2\/types\/post"}],"author":[{"embeddable":true,"href":"https:\/\/www.toque-musicall.com\/index.php?rest_route=\/wp\/v2\/users\/1"}],"replies":[{"embeddable":true,"href":"https:\/\/www.toque-musicall.com\/index.php?rest_route=%2Fwp%2Fv2%2Fcomments&post=1929"}],"version-history":[{"count":0,"href":"https:\/\/www.toque-musicall.com\/index.php?rest_route=\/wp\/v2\/posts\/1929\/revisions"}],"wp:attachment":[{"href":"https:\/\/www.toque-musicall.com\/index.php?rest_route=%2Fwp%2Fv2%2Fmedia&parent=1929"}],"wp:term":[{"taxonomy":"category","embeddable":true,"href":"https:\/\/www.toque-musicall.com\/index.php?rest_route=%2Fwp%2Fv2%2Fcategories&post=1929"},{"taxonomy":"post_tag","embeddable":true,"href":"https:\/\/www.toque-musicall.com\/index.php?rest_route=%2Fwp%2Fv2%2Ftags&post=1929"}],"curies":[{"name":"wp","href":"https:\/\/api.w.org\/{rel}","templated":true}]}}