{"id":193,"date":"2012-01-01T13:12:00","date_gmt":"2012-01-01T13:12:00","guid":{"rendered":"http:\/\/www.toque-musicall.com\/?p=193"},"modified":"2012-01-01T13:12:00","modified_gmt":"2012-01-01T13:12:00","slug":"agostinho-dos-santos-e-yansa-quarteto-1967","status":"publish","type":"post","link":"https:\/\/www.toque-musicall.com\/?p=193","title":{"rendered":"Agostinho Dos Santos E Yans\u00e3 Quarteto (1967)"},"content":{"rendered":"<p><img decoding=\"async\" src=\"http:\/\/4.bp.blogspot.com\/-B3zU8xQUFLI\/TwBb65bOGbI\/AAAAAAAAAw8\/2DXOvsfrSns\/s400\/agostinho+P.JPG\" style=\"display:block; margin:0px auto 10px; text-align:center;cursor:pointer; cursor:hand;width: 400px; height: 397px;\" border=\"0\" alt=\"\" id=\"BLOGGER_PHOTO_ID_5692650996401838514\" \/><a href=\"http:\/\/4.bp.blogspot.com\/-bA43gU1tTSs\/Twmjw7BR30I\/AAAAAAAAAzk\/Td8P8PQeQQ0\/s1600\/agostinho+Bp.jpg\"><img decoding=\"async\" style=\"display:block; margin:0px auto 10px; text-align:center;cursor:pointer; cursor:hand;width: 398px; height: 400px;\" src=\"http:\/\/4.bp.blogspot.com\/-bA43gU1tTSs\/Twmjw7BR30I\/AAAAAAAAAzk\/Td8P8PQeQQ0\/s400\/agostinho+Bp.jpg\" border=\"0\" alt=\"\" id=\"BLOGGER_PHOTO_ID_5695263264658808642\" \/><\/a>Muito bom dia e ano a todos os amigos cultos e ocultos! Come\u00e7amos aqui o ano de 2012 com a esperan\u00e7a de continuar levando um pouco mais dessa luz, que \u00e9 a m\u00fasica popular brasileira, que FOI a produ\u00e7\u00e3o fonogr\u00e1fica brasileira e que \u00e9 a parte mais rica da nossa hist\u00f3ria musical. Come\u00e7o batendo na mesma tecla, lembrando o quanto o desinteresse de muitos e o oportunismo de poucos levaram a produ\u00e7\u00e3o fonogr\u00e1fica brasileira ao sucateamento, ao desmantelamento e consequentemente ao esquecimento. Volto a afirmar o quanto anarquismo &#8216;cibern\u00e9tico&#8217;, &#8216;digital&#8217; ou qualquer outro nome que voc\u00eas queiram dar, favoreceu \u00e0 retomada e resgate do que foi levado embora ou se perdeu na m\u00fasica popular do Brasil ao longo das tr\u00eas \u00faltimas d\u00e9cadas. O surgimento de blogs como o Toque Musical, principalmente no Brasil, foi de suma import\u00e2ncia, mesmo sendo visto com um grito marginal ou criminoso. Digo isso porque o Brasil foi um dos maiores produtores de discos no mundo! A melhor m\u00fasica popular do mundo est\u00e1 aqui! Ali\u00e1s, como dizia o Aloysio de Oliveira, est\u00e1 aqui, em Cuba e nos Estados Unidos. A brasileira, para mim, \u00e9 a melhor porque traz em si elementos genu\u00ednos e tamb\u00e9m os da m\u00fasica cubana e americana. N\u00e3o \u00e9 por acaso que todos querem e amam esse produto nacional. Observem que tudo que de bom neste nosso pa\u00eds acaba sendo adquirido e usufru\u00eddo pelos de fora. Vejam o nosso caf\u00e9, o nosso ouro, a nossa mata&#8230; \u00e9 tudo deles! Da\u00ed fica a pergunta, quem vendeu o Brasil? Resumidamente eu diria que foram os burros, os ing\u00eanuos encantados com espelhinhos brilhantes trazidos de fora, gente sem vis\u00e3o, sem cora\u00e7\u00e3o, mas com muita fome de grana! Continuo mantendo a teoria da conspira\u00e7\u00e3o fonogr\u00e1fica, &#8216;trama do esfacelamento da produ\u00e7\u00e3o fonogr\u00e1fica nacional&#8217;, do seu verdadeiro roubo, que tanto prejudicou grande parte dos artistas brasileiros e principalmente o acesso do nosso povo. A MPB deveria ser considerada um patrim\u00f4nio cultural imaterial brasileiro, se \u00e9 que isso \u00e9 poss\u00edvel. \u00c9 claro que sabemos o quanto \u00e9 dif\u00edcil, num pa\u00eds como no nosso, tentar gerenciar toda essa produ\u00e7\u00e3o, que come\u00e7a desde de quando o primeiro disco foi gravado por aqui. N\u00e3o temos o mesmo poder dos americanos, europeus e japoneses, que sempre souberam valorizar seus produtos (e os nossos, claro!). Faltou-nos educa\u00e7\u00e3o e investimento na cultura em geral. Faltou empenho por parte daqueles que estiveram sempre no poder. Agora, quando temos a oportunidade de rever isso, de mudar um pouco esse quadro, enfrentamos barreiras, que em outras palavras \u00e9 o mesmo que dizer, estamos comprando de volta e pagando caro por aquilo que vendemos a pre\u00e7o de banana. Um disco, por exemplo, como muitos postados aqui, voc\u00eas s\u00f3 tiveram a oportunidade de conhec\u00ea-lo porque algu\u00e9m, como eu, se deu ao trabalho de trazer de volta, de compartilhar e faz\u00ea-lo ser ouvido novamente. Podemos observar tamb\u00e9m que a maior quantidade de blogs que compartilham m\u00fasicas, se concentram no Brasil e isso, eu creio que n\u00e3o \u00e9 apenas porque n\u00e3o existe aqui de fato uma lei reguladora, com puni\u00e7\u00f5es severas. A verdade \u00e9 que ainda vale a pena manter o &#8216;anarquismo&#8217; em prol do sucateamento, do resto do tesouro perdido pelas gravadoras, mas guardado com carinho nos lares brasileiros. \u00c0 medida em que vamos soltando nossos discos, esses v\u00e3o sendo novamente incorporados \u00e0 lista de direitos autorais exclusivos. Como um term\u00f4metro, se alcan\u00e7a um bom n\u00edvel de interesse e procura, logo nos ser\u00e1 censurado e talvez relan\u00e7ado a pre\u00e7o de d\u00f3lar. Diante \u00e0 cruz ou \u00e0 caldeirinha, melhor \u00e9 continuarmos pondo nossos discos para rodar. A gente vai pagar mais caro por um cd ou uma faixa no iTunes, mas pelo menos vamos ter certeza de que a nossa m\u00fasica foi preservada, mesmo n\u00e3o tendo mais direito algum sobre ela.<\/p>\n<div>E por falar em bater na mesma tecla, em discos raros e coisa e tal&#8230; Eu inicio o ano com este disco que \u00e9 uma p\u00e9rola negra. Um \u00e1lbum realmente muito raro, tanto assim que at\u00e9 hoje nem em outros blogs voc\u00eas ir\u00e3o encontrar. Temos aqui o &#8216;lend\u00e1rio&#8217; lp gravado pelo cantor Agostinho dos Santos acompanhado pelo Yans\u00e3 Quarteto, um grupo instrumental pernambucano, ber\u00e7o primeiro do percussionista Nan\u00e1 Vasconcelos. Este \u00e1lbum foi lan\u00e7ado em 1967 pela f\u00e1brica de discos pernambucana Rozenblit, atrav\u00e9s de seu selo Tecla. Trata-se na verdade de fonogramas lan\u00e7ados em tr\u00eas discos &#8211; EPs de sete polegadas &#8211; um formato diferente e raro com tr\u00eas furos (nem me perguntem, pois eu nunca vi um). Essas grava\u00e7\u00f5es foram feitas em Portugal (t\u00e1 explicado), quando por um feliz acaso do destino, o Yans\u00e3 Quarteto se encontrou em Lisboa com o Agostinho, que por l\u00e1 passava suas f\u00e9rias. Contam que Agostinho j\u00e1 conhecia Nan\u00e1 Vasconcelos dos programas da TV Jornal, de Recife, quando o cantor se fez acompanhado v\u00e1rias vezes pelo percussionista nessas apresenta\u00e7\u00f5es. Em Lisboa, Agostinho e o quarteto, se juntaram para diversas apresenta\u00e7\u00f5es e as grava\u00e7\u00f5es, que se extenderam at\u00e9 em Angola. Este \u00e1lbum, que eu saiba, nunca chegou a ser relan\u00e7ado. Quem sabe agora, ao verem ele todo lind\u00e3o aqui? \ud83d\ude42 Se virar REPOST, podem ter certeza, dentro em breve ser\u00e1 relan\u00e7ado no mercado (internacional).<\/div>\n<div>N\u00e3o deixem de conferir&#8230; \ud83d\ude09<\/div>\n<div><\/div>\n<div style=\"text-align: center;\">vem ouvir o mar<\/div>\n<div style=\"text-align: center;\">vem chegando a madrugada<\/div>\n<div style=\"text-align: center;\">tristeza<\/div>\n<div style=\"text-align: center;\">brisa<\/div>\n<div style=\"text-align: center;\">mona ami zeca<\/div>\n<div style=\"text-align: center;\">carnaval iolo bu\u00e1<\/div>\n<div style=\"text-align: center;\">em luanda saudade de luanda<\/div>\n<div style=\"text-align: center;\">mulata \u00e9 noite<\/div>\n<div style=\"text-align: center;\">a banda<\/div>\n<div style=\"text-align: center;\">can\u00e7\u00e3o triste<\/div>\n<div style=\"text-align: center;\">outra vez<\/div>\n<div style=\"text-align: center;\">aprende a viver<\/div>\n<div style=\"text-align: center;\"><\/div>\n<div style=\"text-align: center;\"><\/div>\n","protected":false},"excerpt":{"rendered":"<p>Muito bom dia e ano a todos os amigos cultos e ocultos! Come\u00e7amos aqui o ano de 2012 com a esperan\u00e7a de continuar levando um pouco mais dessa luz, que \u00e9 a m\u00fasica popular brasileira, que FOI a produ\u00e7\u00e3o fonogr\u00e1fica &hellip; <a href=\"https:\/\/www.toque-musicall.com\/?p=193\">Continue lendo <span class=\"meta-nav\">&rarr;<\/span><\/a><\/p>\n","protected":false},"author":1,"featured_media":0,"comment_status":"open","ping_status":"closed","sticky":false,"template":"","format":"standard","meta":{"footnotes":""},"categories":[208,356,354,355,353],"tags":[],"class_list":["post-193","post","type-post","status-publish","format-standard","hentry","category-agostinho-dos-santos","category-nana-vasconcelos","category-selo-rozenblit","category-selo-tecla","category-yansa-quarteto"],"_links":{"self":[{"href":"https:\/\/www.toque-musicall.com\/index.php?rest_route=\/wp\/v2\/posts\/193","targetHints":{"allow":["GET"]}}],"collection":[{"href":"https:\/\/www.toque-musicall.com\/index.php?rest_route=\/wp\/v2\/posts"}],"about":[{"href":"https:\/\/www.toque-musicall.com\/index.php?rest_route=\/wp\/v2\/types\/post"}],"author":[{"embeddable":true,"href":"https:\/\/www.toque-musicall.com\/index.php?rest_route=\/wp\/v2\/users\/1"}],"replies":[{"embeddable":true,"href":"https:\/\/www.toque-musicall.com\/index.php?rest_route=%2Fwp%2Fv2%2Fcomments&post=193"}],"version-history":[{"count":0,"href":"https:\/\/www.toque-musicall.com\/index.php?rest_route=\/wp\/v2\/posts\/193\/revisions"}],"wp:attachment":[{"href":"https:\/\/www.toque-musicall.com\/index.php?rest_route=%2Fwp%2Fv2%2Fmedia&parent=193"}],"wp:term":[{"taxonomy":"category","embeddable":true,"href":"https:\/\/www.toque-musicall.com\/index.php?rest_route=%2Fwp%2Fv2%2Fcategories&post=193"},{"taxonomy":"post_tag","embeddable":true,"href":"https:\/\/www.toque-musicall.com\/index.php?rest_route=%2Fwp%2Fv2%2Ftags&post=193"}],"curies":[{"name":"wp","href":"https:\/\/api.w.org\/{rel}","templated":true}]}}