{"id":1930,"date":"2007-11-07T08:44:00","date_gmt":"2007-11-07T08:44:00","guid":{"rendered":"http:\/\/www.toque-musicall.com\/?p=1930"},"modified":"2007-11-07T08:44:00","modified_gmt":"2007-11-07T08:44:00","slug":"amparo-uchoa-y-los-folkloritas-el-cancionero-popular-1980","status":"publish","type":"post","link":"https:\/\/www.toque-musicall.com\/?p=1930","title":{"rendered":"Amparo Uchoa Y Los Folkloritas &#8211; El Cancionero Popular (1980)"},"content":{"rendered":"<p><a href=\"http:\/\/3.bp.blogspot.com\/_DSKVEvHtskc\/RzLYmVqdCzI\/AAAAAAAAAuw\/NqrrsmWLoh4\/s1600-h\/amparo+ochoa+P.JPG\"><img decoding=\"async\" id=\"BLOGGER_PHOTO_ID_5130401078690253618\" style=\"DISPLAY: block; MARGIN: 0px auto 10px; CURSOR: hand; TEXT-ALIGN: center\" alt=\"\" src=\"http:\/\/3.bp.blogspot.com\/_DSKVEvHtskc\/RzLYmVqdCzI\/AAAAAAAAAuw\/NqrrsmWLoh4\/s400\/amparo+ochoa+P.JPG\" border=\"0\" \/><\/a>Agora temos aqui outro grande nome da m\u00fasica de protesto e folcl\u00f3rica latino-americana, Amparo Ochoa, que tamb\u00e9m pertence ao grupo e gera\u00e7\u00e3o do movimento &#8220;Nueva Canci\u00f3n&#8221;, surgido nos anos 70. Neste \u00e1lbum Amparo \u00e9 acompanhada pelo grupo mexicano &#8220;Los Folkloristas&#8221;, um dos mais tradicionais e atuantes at\u00e9 os dias de hoje. Ochoa \u00e9 uma artista que vale a pena ouvir.<\/p>\n<div>\n<div align=\"center\">01 El barz\u00f3n (Canci\u00f3n corrido del Estado de Aguascalientes, \u00e9poca agrarista)<\/div>\n<div align=\"center\">02 Tierra h\u00fameda (Julio Sol\u00f3rzano)<\/div>\n<div align=\"center\">03 A que le tiras cuando sue\u00f1as mexicano (Salvador &#8220;Chava&#8221; Flores)<\/div>\n<div align=\"center\">04 El negro Manuel Antonio (Nicomedes Santa Cruz)<\/div>\n<div align=\"center\">05 Bola Suriana de la muerte de Emiliano Zapata (L: Armando Liszt &#8211; M: Graciela Amador)<\/div>\n<div align=\"center\">06 La maldici\u00f3n de la malinche (Gabino Palomares)<\/div>\n<div align=\"center\">07 Jugar a la vida (Enrique Ballest\u00e9)<\/div>\n<div align=\"center\">08 La prietita clara (Echeverr\u00eda &#8211; Jufresa)<\/div>\n<div align=\"center\">09 Como t\u00fa (poema de Le\u00f3n Felipe &#8211; M: Paco Ib\u00e1\u00f1ez)<\/div>\n<div align=\"center\">10 Canci\u00f3n para despertar a un negrito (poema de Nicol\u00e1s Guill\u00e9n &#8211; M: Martha Contreras)<\/div>\n<div align=\"center\">11 Mi abuelo (Mario L\u00f3pez)12 Quiero (Echeverr\u00eda &#8211; Jufresa) <\/div>\n<div align=\"center\"><\/div>\n<div align=\"center\"><\/div>\n<div align=\"center\"> <\/div>\n<\/div>\n","protected":false},"excerpt":{"rendered":"<p>Agora temos aqui outro grande nome da m\u00fasica de protesto e folcl\u00f3rica latino-americana, Amparo Ochoa, que tamb\u00e9m pertence ao grupo e gera\u00e7\u00e3o do movimento &#8220;Nueva Canci\u00f3n&#8221;, surgido nos anos 70. Neste \u00e1lbum Amparo \u00e9 acompanhada pelo grupo mexicano &#8220;Los Folkloristas&#8221;, &hellip; <a href=\"https:\/\/www.toque-musicall.com\/?p=1930\">Continue lendo <span class=\"meta-nav\">&rarr;<\/span><\/a><\/p>\n","protected":false},"author":1,"featured_media":0,"comment_status":"open","ping_status":"closed","sticky":false,"template":"","format":"standard","meta":{"footnotes":""},"categories":[1854],"tags":[],"class_list":["post-1930","post","type-post","status-publish","format-standard","hentry","category-amparo-uchoa-y-los-folkloritas"],"_links":{"self":[{"href":"https:\/\/www.toque-musicall.com\/index.php?rest_route=\/wp\/v2\/posts\/1930","targetHints":{"allow":["GET"]}}],"collection":[{"href":"https:\/\/www.toque-musicall.com\/index.php?rest_route=\/wp\/v2\/posts"}],"about":[{"href":"https:\/\/www.toque-musicall.com\/index.php?rest_route=\/wp\/v2\/types\/post"}],"author":[{"embeddable":true,"href":"https:\/\/www.toque-musicall.com\/index.php?rest_route=\/wp\/v2\/users\/1"}],"replies":[{"embeddable":true,"href":"https:\/\/www.toque-musicall.com\/index.php?rest_route=%2Fwp%2Fv2%2Fcomments&post=1930"}],"version-history":[{"count":0,"href":"https:\/\/www.toque-musicall.com\/index.php?rest_route=\/wp\/v2\/posts\/1930\/revisions"}],"wp:attachment":[{"href":"https:\/\/www.toque-musicall.com\/index.php?rest_route=%2Fwp%2Fv2%2Fmedia&parent=1930"}],"wp:term":[{"taxonomy":"category","embeddable":true,"href":"https:\/\/www.toque-musicall.com\/index.php?rest_route=%2Fwp%2Fv2%2Fcategories&post=1930"},{"taxonomy":"post_tag","embeddable":true,"href":"https:\/\/www.toque-musicall.com\/index.php?rest_route=%2Fwp%2Fv2%2Ftags&post=1930"}],"curies":[{"name":"wp","href":"https:\/\/api.w.org\/{rel}","templated":true}]}}