{"id":1932,"date":"2007-11-07T08:39:00","date_gmt":"2007-11-07T08:39:00","guid":{"rendered":"http:\/\/www.toque-musicall.com\/?p=1932"},"modified":"2016-07-29T10:57:04","modified_gmt":"2016-07-29T13:57:04","slug":"tarancon-gracias-a-la-vida-1976","status":"publish","type":"post","link":"https:\/\/www.toque-musicall.com\/?p=1932","title":{"rendered":"Taranc\u00f3n &#8211; Gracias A La Vida (1976)"},"content":{"rendered":"<p><a href=\"http:\/\/1.bp.blogspot.com\/_DSKVEvHtskc\/RzGDBwN6m4I\/AAAAAAAAAto\/foD-AteHqVo\/s1600-h\/tarancon+-+gracias+a+la+vida+P.JPG\"><img decoding=\"async\" id=\"BLOGGER_PHOTO_ID_5130025516698082178\" style=\"display: block; margin: 0px auto 10px; cursor: hand; text-align: center;\" src=\"http:\/\/1.bp.blogspot.com\/_DSKVEvHtskc\/RzGDBwN6m4I\/AAAAAAAAAto\/foD-AteHqVo\/s400\/tarancon+-+gracias+a+la+vida+P.JPG\" alt=\"\" border=\"0\" \/><\/a> Outro grande grupo do qual sou um fan e com quem aprendi a gostar mais ainda da m\u00fasica latino-americana \u00e9 o sensacional Taranc\u00f3n. Um grupo dos mais interessantes formado por m\u00fascos e artistas de v\u00e1rios pa\u00edses da America Latina. A proposta do grupo era pesquisar e divulgar a diversidade de ritmos e can\u00e7\u00f5es latino-americanas. Eles surgiram na d\u00e9cada de 70, participando de festivais e espet\u00e1culos por todo o continente. Fizeram enorme sucesso no circuito universit\u00e1rio brasileiro e s\u00e3o possivelmente os mais populares. Aqui temos o primeiro disco deles. Vejam a baixo o repert\u00f3rio muito bem escolhido e variado.<\/p>\n<div align=\"center\">01 &#8211; El Tinku &#8211; Folclore (Bol\u00edvia Tonada Potosina)<\/div>\n<div align=\"center\">02 &#8211; Los Pueblos Americanos &#8211; Violeta Parra (Chile-Cueca)<\/div>\n<div align=\"center\">03 &#8211; Gracias a la vida &#8211; Violeta Parra (Chile)<\/div>\n<div align=\"center\">04 &#8211; Te Recuerdo Amanda &#8211; Victor Jar\u00e1 (Chile)<\/div>\n<div align=\"center\">05 &#8211; Nao mande a geada &#8211; Maria do C\u00e9u(Brasil)<\/div>\n<div align=\"center\">06 &#8211; Nanas de la cebolla &#8211; Miguel Hernandez &#8211; Alberto Cortez<\/div>\n<div align=\"center\">07 &#8211; Soy libre soy bueno &#8211; Atahualpa Yupanqui (Argentina Baguala)<\/div>\n<div align=\"center\">08 &#8211; Boquita de cereza &#8211; Oscar ( Taquirari)<\/div>\n<div align=\"center\">09 &#8211; Tikiminki &#8211; G.Rojas (Taquirari)<\/div>\n<div align=\"center\">10 &#8211; El buen borincano &#8211; Rafael Hernandez (Guajira)<\/div>\n<div align=\"center\">11 &#8211; En la mina el Taranc\u00f3n &#8211; An\u00f4nimo asturiano (Espanha)<\/div>\n<div align=\"center\">12 &#8211; Parabi\u00e9n de la paloma &#8211; Rolando Alarcon<\/div>\n<div align=\"center\"><\/div>\n<div align=\"center\"><\/div>\n","protected":false},"excerpt":{"rendered":"<p>Outro grande grupo do qual sou um fan e com quem aprendi a gostar mais ainda da m\u00fasica latino-americana \u00e9 o sensacional Taranc\u00f3n. Um grupo dos mais interessantes formado por m\u00fascos e artistas de v\u00e1rios pa\u00edses da America Latina. A &hellip; <a href=\"https:\/\/www.toque-musicall.com\/?p=1932\">Continue lendo <span class=\"meta-nav\">&rarr;<\/span><\/a><\/p>\n","protected":false},"author":1,"featured_media":0,"comment_status":"open","ping_status":"closed","sticky":false,"template":"","format":"standard","meta":{"footnotes":""},"categories":[2734,502],"tags":[],"class_list":["post-1932","post","type-post","status-publish","format-standard","hentry","category-selo-crazy","category-tarancon"],"_links":{"self":[{"href":"https:\/\/www.toque-musicall.com\/index.php?rest_route=\/wp\/v2\/posts\/1932","targetHints":{"allow":["GET"]}}],"collection":[{"href":"https:\/\/www.toque-musicall.com\/index.php?rest_route=\/wp\/v2\/posts"}],"about":[{"href":"https:\/\/www.toque-musicall.com\/index.php?rest_route=\/wp\/v2\/types\/post"}],"author":[{"embeddable":true,"href":"https:\/\/www.toque-musicall.com\/index.php?rest_route=\/wp\/v2\/users\/1"}],"replies":[{"embeddable":true,"href":"https:\/\/www.toque-musicall.com\/index.php?rest_route=%2Fwp%2Fv2%2Fcomments&post=1932"}],"version-history":[{"count":1,"href":"https:\/\/www.toque-musicall.com\/index.php?rest_route=\/wp\/v2\/posts\/1932\/revisions"}],"predecessor-version":[{"id":5688,"href":"https:\/\/www.toque-musicall.com\/index.php?rest_route=\/wp\/v2\/posts\/1932\/revisions\/5688"}],"wp:attachment":[{"href":"https:\/\/www.toque-musicall.com\/index.php?rest_route=%2Fwp%2Fv2%2Fmedia&parent=1932"}],"wp:term":[{"taxonomy":"category","embeddable":true,"href":"https:\/\/www.toque-musicall.com\/index.php?rest_route=%2Fwp%2Fv2%2Fcategories&post=1932"},{"taxonomy":"post_tag","embeddable":true,"href":"https:\/\/www.toque-musicall.com\/index.php?rest_route=%2Fwp%2Fv2%2Ftags&post=1932"}],"curies":[{"name":"wp","href":"https:\/\/api.w.org\/{rel}","templated":true}]}}