{"id":1933,"date":"2007-11-06T15:02:00","date_gmt":"2007-11-06T15:02:00","guid":{"rendered":"http:\/\/www.toque-musicall.com\/?p=1933"},"modified":"2007-11-06T15:02:00","modified_gmt":"2007-11-06T15:02:00","slug":"mercedes-sosa-homenaje-a-violeta-parra-1971","status":"publish","type":"post","link":"https:\/\/www.toque-musicall.com\/?p=1933","title":{"rendered":"Mercedes Sosa &#8211; Homenaje A Violeta Parra (1971)"},"content":{"rendered":"<p><a href=\"http:\/\/3.bp.blogspot.com\/_DSKVEvHtskc\/RzCEPgN6m3I\/AAAAAAAAAtg\/yfgrt1ZvJiU\/s1600-h\/violeta-parra.jpg\"><img decoding=\"async\" alt=\"\" border=\"0\" id=\"BLOGGER_PHOTO_ID_5129745377456200562\" src=\"http:\/\/3.bp.blogspot.com\/_DSKVEvHtskc\/RzCEPgN6m3I\/AAAAAAAAAtg\/yfgrt1ZvJiU\/s400\/violeta-parra.jpg\" style=\"cursor: hand; display: block; margin: 0px auto 10px; text-align: center;\" \/><\/a>Mercedes Sosa \u00e9 uma das mais populares cantoras argentina, simbolo da can\u00e7\u00e3o folcl\u00f3rica e de protesto. A preocupa\u00e7\u00e3o s\u00f3cio-pol\u00edtica refletiu-se no seu repert\u00f3rio, tornando-se uma das grandes expoentes da &#8220;Nueva Cancion&#8221;, um movimento musical latino-americano da d\u00e9cada de 60, com ra\u00edzes africanas, cubanas, andinas e espanholas. &#8220;La Negra&#8221;, como \u00e9 tamb\u00e9m chamada (por seus cabelos longos e negros) \u00e9 uma figura conhecida mundialmente. Tem com os artistas e p\u00fablico brasileiros uma rela\u00e7\u00e3o musical antiga e muito forte. Gravou no Brasil com Milton Nascimento, Fagner, entre outros&#8230; Neste disco, maravilhoso por sinal, temos &#8220;La Negra&#8221; em uma homenagem a outra grande artista, a chilena Violeta Parra, outro grande \u00edcone da m\u00fasica de protesto latino-americana. Imperd\u00edvel!<\/p>\n<div align=\"center\">01. &#8211; Defensa De Violeta &#8211; 4:53&#8243; <\/div>\n<div align=\"center\">02. &#8211; Gracias A La Vida &#8211; 4:25&#8243; <\/div>\n<div align=\"center\">03. &#8211; Segun El Favor Del Viento &#8211; 3:42&#8243; <\/div>\n<div align=\"center\">04. &#8211; Arriba Quemando El Sol &#8211; 2:47&#8243; <\/div>\n<div align=\"center\">05. &#8211; Me Gustan Los Estudiantes &#8211; 2:57&#8243; <\/div>\n<div align=\"center\">06. &#8211; Volver A Los 17 &#8211; 5:27&#8243; <\/div>\n<div align=\"center\">07. &#8211; La Carta (con Quilapay\u00fan) &#8211; 2:49&#8243; <\/div>\n<div align=\"center\">08. &#8211; Que He Sacado Con Quererte &#8211; 4:00&#8243; <\/div>\n<div align=\"center\">09. &#8211; La Lavandera &#8211; 3:21&#8243; <\/div>\n<div align=\"center\">10. &#8211; Rin Del Angelito &#8211; 3:20&#8243; <\/div>\n<div align=\"center\">11. &#8211; Los Pueblos Americanos &#8211; 1:37&#8243; <\/div>\n<div align=\"center\"><\/div>\n<div align=\"center\"><\/div>\n","protected":false},"excerpt":{"rendered":"<p>Mercedes Sosa \u00e9 uma das mais populares cantoras argentina, simbolo da can\u00e7\u00e3o folcl\u00f3rica e de protesto. A preocupa\u00e7\u00e3o s\u00f3cio-pol\u00edtica refletiu-se no seu repert\u00f3rio, tornando-se uma das grandes expoentes da &#8220;Nueva Cancion&#8221;, um movimento musical latino-americano da d\u00e9cada de 60, com &hellip; <a href=\"https:\/\/www.toque-musicall.com\/?p=1933\">Continue lendo <span class=\"meta-nav\">&rarr;<\/span><\/a><\/p>\n","protected":false},"author":1,"featured_media":0,"comment_status":"open","ping_status":"closed","sticky":false,"template":"","format":"standard","meta":{"footnotes":""},"categories":[1353,1856,1857],"tags":[],"class_list":["post-1933","post","type-post","status-publish","format-standard","hentry","category-mercedes-sosa","category-selo-polygram","category-violeta-parra"],"_links":{"self":[{"href":"https:\/\/www.toque-musicall.com\/index.php?rest_route=\/wp\/v2\/posts\/1933","targetHints":{"allow":["GET"]}}],"collection":[{"href":"https:\/\/www.toque-musicall.com\/index.php?rest_route=\/wp\/v2\/posts"}],"about":[{"href":"https:\/\/www.toque-musicall.com\/index.php?rest_route=\/wp\/v2\/types\/post"}],"author":[{"embeddable":true,"href":"https:\/\/www.toque-musicall.com\/index.php?rest_route=\/wp\/v2\/users\/1"}],"replies":[{"embeddable":true,"href":"https:\/\/www.toque-musicall.com\/index.php?rest_route=%2Fwp%2Fv2%2Fcomments&post=1933"}],"version-history":[{"count":0,"href":"https:\/\/www.toque-musicall.com\/index.php?rest_route=\/wp\/v2\/posts\/1933\/revisions"}],"wp:attachment":[{"href":"https:\/\/www.toque-musicall.com\/index.php?rest_route=%2Fwp%2Fv2%2Fmedia&parent=1933"}],"wp:term":[{"taxonomy":"category","embeddable":true,"href":"https:\/\/www.toque-musicall.com\/index.php?rest_route=%2Fwp%2Fv2%2Fcategories&post=1933"},{"taxonomy":"post_tag","embeddable":true,"href":"https:\/\/www.toque-musicall.com\/index.php?rest_route=%2Fwp%2Fv2%2Ftags&post=1933"}],"curies":[{"name":"wp","href":"https:\/\/api.w.org\/{rel}","templated":true}]}}