{"id":1934,"date":"2007-11-06T14:30:00","date_gmt":"2007-11-06T14:30:00","guid":{"rendered":"http:\/\/www.toque-musicall.com\/?p=1934"},"modified":"2007-11-06T14:30:00","modified_gmt":"2007-11-06T14:30:00","slug":"daniel-viglietti-tropicos-1973","status":"publish","type":"post","link":"https:\/\/www.toque-musicall.com\/?p=1934","title":{"rendered":"Daniel Viglietti &#8211; Tr\u00f3picos (1973)"},"content":{"rendered":"<p><a href=\"http:\/\/3.bp.blogspot.com\/_DSKVEvHtskc\/RzLWKVqdCwI\/AAAAAAAAAuY\/occimnB9u80\/s1600-h\/daniel+viglietti+P.JPG\"><img decoding=\"async\" id=\"BLOGGER_PHOTO_ID_5130398398630660866\" style=\"DISPLAY: block; MARGIN: 0px auto 10px; CURSOR: hand; TEXT-ALIGN: center\" alt=\"\" src=\"http:\/\/3.bp.blogspot.com\/_DSKVEvHtskc\/RzLWKVqdCwI\/AAAAAAAAAuY\/occimnB9u80\/s400\/daniel+viglietti+P.JPG\" border=\"0\" \/><\/a>Daniel Viglietti \u00e9 uruguaio, nascido em Montevideo, numa fam\u00edlia de m\u00fasicos. Sua carreira come\u00e7ou nos anos 60. Trabalhou com m\u00fasica e teatro em seu pa\u00eds, desenvolvendo uma intensa atividade, que por suas posi\u00e7\u00f5es sociais e pol\u00edticas, acabou levando-o ao ex\u00edlio nos anos da ditadura. Durante um bom tempo ele viveu na Espanha. &#8220;Tr\u00f3picos&#8221; \u00e9 um disco de 1973 e nele temos dois momentos do movimento musical latino-americano &#8211; cantando os autores da (ent\u00e3o) Nueva Trova Cubana (Noel Nicola, Silvio Rodriguez e Pablo Milan\u00e9s) e a Nova Can\u00e7\u00e3o Brasileira (Chico Buarque, Edu Lobo e Gianfrancesco Guarnieri). Daniel \u00e9 acompanhado pelo Grupo de Experimentaci\u00f3n Sonora do Instituto Cubano de Arte e Ind\u00fastria Cinematogr\u00e1fica. \u00c1lbum rar\u00edssimo que merece toda a aten\u00e7\u00e3o.<\/p>\n<div>\n<div align=\"center\">1- dios le pague<\/div>\n<div align=\"center\">2- yo vivo en un tiempo de guerra<\/div>\n<div align=\"center\">3- acalanto<\/div>\n<div align=\"center\">4- upa negrito<\/div>\n<div align=\"center\">5- construccion<\/div>\n<div align=\"center\">6- comienzo el dia<\/div>\n<div align=\"center\">7- existen<\/div>\n<div align=\"center\">8- cancion del elegido<\/div>\n<div align=\"center\">9- pobre del cantor<\/div>\n<div align=\"center\">10- un hombre se levanta<\/div>\n<div align=\"center\"> <\/div>\n<div align=\"center\"> <\/div>\n<\/div>\n","protected":false},"excerpt":{"rendered":"<p>Daniel Viglietti \u00e9 uruguaio, nascido em Montevideo, numa fam\u00edlia de m\u00fasicos. Sua carreira come\u00e7ou nos anos 60. Trabalhou com m\u00fasica e teatro em seu pa\u00eds, desenvolvendo uma intensa atividade, que por suas posi\u00e7\u00f5es sociais e pol\u00edticas, acabou levando-o ao ex\u00edlio &hellip; <a href=\"https:\/\/www.toque-musicall.com\/?p=1934\">Continue lendo <span class=\"meta-nav\">&rarr;<\/span><\/a><\/p>\n","protected":false},"author":1,"featured_media":0,"comment_status":"open","ping_status":"closed","sticky":false,"template":"","format":"standard","meta":{"footnotes":""},"categories":[1858],"tags":[],"class_list":["post-1934","post","type-post","status-publish","format-standard","hentry","category-daniel-viglietti"],"_links":{"self":[{"href":"https:\/\/www.toque-musicall.com\/index.php?rest_route=\/wp\/v2\/posts\/1934","targetHints":{"allow":["GET"]}}],"collection":[{"href":"https:\/\/www.toque-musicall.com\/index.php?rest_route=\/wp\/v2\/posts"}],"about":[{"href":"https:\/\/www.toque-musicall.com\/index.php?rest_route=\/wp\/v2\/types\/post"}],"author":[{"embeddable":true,"href":"https:\/\/www.toque-musicall.com\/index.php?rest_route=\/wp\/v2\/users\/1"}],"replies":[{"embeddable":true,"href":"https:\/\/www.toque-musicall.com\/index.php?rest_route=%2Fwp%2Fv2%2Fcomments&post=1934"}],"version-history":[{"count":0,"href":"https:\/\/www.toque-musicall.com\/index.php?rest_route=\/wp\/v2\/posts\/1934\/revisions"}],"wp:attachment":[{"href":"https:\/\/www.toque-musicall.com\/index.php?rest_route=%2Fwp%2Fv2%2Fmedia&parent=1934"}],"wp:term":[{"taxonomy":"category","embeddable":true,"href":"https:\/\/www.toque-musicall.com\/index.php?rest_route=%2Fwp%2Fv2%2Fcategories&post=1934"},{"taxonomy":"post_tag","embeddable":true,"href":"https:\/\/www.toque-musicall.com\/index.php?rest_route=%2Fwp%2Fv2%2Ftags&post=1934"}],"curies":[{"name":"wp","href":"https:\/\/api.w.org\/{rel}","templated":true}]}}