{"id":1937,"date":"2007-11-05T17:45:00","date_gmt":"2007-11-05T17:45:00","guid":{"rendered":"http:\/\/www.toque-musicall.com\/?p=1937"},"modified":"2007-11-05T17:45:00","modified_gmt":"2007-11-05T17:45:00","slug":"victor-jara-el-derecho-de-vivir-en-paz-1971","status":"publish","type":"post","link":"https:\/\/www.toque-musicall.com\/?p=1937","title":{"rendered":"Victor Jara &#8211; El Derecho De Vivir En Paz (1971)"},"content":{"rendered":"<p><a href=\"http:\/\/2.bp.blogspot.com\/_DSKVEvHtskc\/Ry9YtgN6mzI\/AAAAAAAAAtA\/wAcjGZBAsws\/s1600-h\/Victor_Jara-El_Derecho_De_Vivir_En_Paz-Frontal.jpg\"><img decoding=\"async\" id=\"BLOGGER_PHOTO_ID_5129416039363943218\" style=\"DISPLAY: block; MARGIN: 0px auto 10px; CURSOR: hand; TEXT-ALIGN: center\" alt=\"\" src=\"http:\/\/2.bp.blogspot.com\/_DSKVEvHtskc\/Ry9YtgN6mzI\/AAAAAAAAAtA\/wAcjGZBAsws\/s400\/Victor_Jara-El_Derecho_De_Vivir_En_Paz-Frontal.jpg\" border=\"0\" \/><\/a>Um nome important\u00edssimo no cen\u00e1rio da m\u00fasica de protesto latino-americana, Victor Jara. Cantor, compositor, diretor de teatro chileno Foi assassinado barbaramente em 16 de setembro de 1973, em Santiago, capital do Chile, nos primeiros dias de repress\u00e3o que se seguiram ao golpe de estado de Augusto Pinochet contra o governo do presidente Salvador Allende, ocorrido em 11 de setembro daquele ano. Desde ent\u00e3o Victor Jara tornou-se um s\u00edbolo da resist\u00eancia contra os governos militares. Suas can\u00e7\u00f5es tornaram-se hinos de protesto, cantadas em toda a Am\u00e9rica Latina.<\/p>\n<div align=\"center\">1 El Derecho De Vivir En Paz<br \/>2 Abre La Ventana<br \/>3 La Partida<br \/>4 El Ni\u00f1o Yuntero<br \/>5 Vamos Por Ancho Camino<br \/>6 A La Molina No Voy Mas<br \/>7 A Cuba<br \/>8 Casitas De Barrio Alto<br \/>9 El Alma Llena De Banderas<br \/>10 Ni Chicha Ni Limona<br \/>11 Plegaria A Un Labrador<br \/>12 B R P (Brigada Ramona Parra)<\/div>\n<div align=\"center\"><\/div>\n<div align=\"center\"><\/div>\n<div align=\"center\"> <\/div>\n","protected":false},"excerpt":{"rendered":"<p>Um nome important\u00edssimo no cen\u00e1rio da m\u00fasica de protesto latino-americana, Victor Jara. Cantor, compositor, diretor de teatro chileno Foi assassinado barbaramente em 16 de setembro de 1973, em Santiago, capital do Chile, nos primeiros dias de repress\u00e3o que se seguiram &hellip; <a href=\"https:\/\/www.toque-musicall.com\/?p=1937\">Continue lendo <span class=\"meta-nav\">&rarr;<\/span><\/a><\/p>\n","protected":false},"author":1,"featured_media":0,"comment_status":"open","ping_status":"closed","sticky":false,"template":"","format":"standard","meta":{"footnotes":""},"categories":[1835],"tags":[],"class_list":["post-1937","post","type-post","status-publish","format-standard","hentry","category-victor-jara"],"_links":{"self":[{"href":"https:\/\/www.toque-musicall.com\/index.php?rest_route=\/wp\/v2\/posts\/1937","targetHints":{"allow":["GET"]}}],"collection":[{"href":"https:\/\/www.toque-musicall.com\/index.php?rest_route=\/wp\/v2\/posts"}],"about":[{"href":"https:\/\/www.toque-musicall.com\/index.php?rest_route=\/wp\/v2\/types\/post"}],"author":[{"embeddable":true,"href":"https:\/\/www.toque-musicall.com\/index.php?rest_route=\/wp\/v2\/users\/1"}],"replies":[{"embeddable":true,"href":"https:\/\/www.toque-musicall.com\/index.php?rest_route=%2Fwp%2Fv2%2Fcomments&post=1937"}],"version-history":[{"count":0,"href":"https:\/\/www.toque-musicall.com\/index.php?rest_route=\/wp\/v2\/posts\/1937\/revisions"}],"wp:attachment":[{"href":"https:\/\/www.toque-musicall.com\/index.php?rest_route=%2Fwp%2Fv2%2Fmedia&parent=1937"}],"wp:term":[{"taxonomy":"category","embeddable":true,"href":"https:\/\/www.toque-musicall.com\/index.php?rest_route=%2Fwp%2Fv2%2Fcategories&post=1937"},{"taxonomy":"post_tag","embeddable":true,"href":"https:\/\/www.toque-musicall.com\/index.php?rest_route=%2Fwp%2Fv2%2Ftags&post=1937"}],"curies":[{"name":"wp","href":"https:\/\/api.w.org\/{rel}","templated":true}]}}