{"id":1938,"date":"2007-11-05T16:52:00","date_gmt":"2007-11-05T16:52:00","guid":{"rendered":"http:\/\/www.toque-musicall.com\/?p=1938"},"modified":"2007-11-05T16:52:00","modified_gmt":"2007-11-05T16:52:00","slug":"ruben-pagura-volve-frijol-1975","status":"publish","type":"post","link":"https:\/\/www.toque-musicall.com\/?p=1938","title":{"rendered":"Ruben Pagura &#8211; Volve Frijol! (1975)"},"content":{"rendered":"<p><a href=\"http:\/\/4.bp.blogspot.com\/_DSKVEvHtskc\/Ry9PGAN6myI\/AAAAAAAAAs4\/dvCAV-v3YQs\/s1600-h\/ruben.JPG\"><img decoding=\"async\" id=\"BLOGGER_PHOTO_ID_5129405465154460450\" style=\"DISPLAY: block; MARGIN: 0px auto 10px; CURSOR: hand; TEXT-ALIGN: center\" alt=\"\" src=\"http:\/\/4.bp.blogspot.com\/_DSKVEvHtskc\/Ry9PGAN6myI\/AAAAAAAAAs4\/dvCAV-v3YQs\/s400\/ruben.JPG\" border=\"0\" \/><\/a>Nesta semana estarei fugindo do tradicional. Vamos dar um tempinho nos nacionais e olhar um pouco al\u00e9m do horizonte. Vamos dedicar a semana aos artistas de pa\u00edses vizinhos e de l\u00edngua portuguesa. Come\u00e7arei com Rub\u00e9n Pagura, ator, cantor e dramaturgo argentino radicado na Costa Rica. Foi o fundador do movimento da Nova Can\u00e7\u00e3o da Costa Rica. Artista premiado, tem suas obras teatrais encenada desde 1972, assim como suas can\u00e7\u00f5es. O disco que tenho aqui \u00e9 uma obra t\u00e3o rara que nem mesmo Pagura tem mais seu exemplar. Felizmente n\u00f3s estamos aqui, tamb\u00e9m para isso, resgatar obras perdidas. Vamos ent\u00e3o ouvir e conhecer Rub\u00e9n Pagura.<\/p>\n<div align=\"center\">America Latina<\/div>\n<div align=\"center\">Buen dia sol<\/div>\n<div align=\"center\">Camino del mar<\/div>\n<div align=\"center\">Cancion para pescar<\/div>\n<div align=\"center\">Con vos<\/div>\n<div align=\"center\">Habia una vez<\/div>\n<div align=\"center\">La comision de censura<\/div>\n<div align=\"center\">La cosecha<\/div>\n<div align=\"center\">La vaca<\/div>\n<div align=\"center\">Los dos dioses<\/div>\n<div align=\"center\">Toma la tierra<\/div>\n<div align=\"center\">Volv\u00e9 frijol<\/div>\n<div align=\"center\"><\/div>\n<div align=\"center\"><\/div>\n<div align=\"center\"> <\/div>\n","protected":false},"excerpt":{"rendered":"<p>Nesta semana estarei fugindo do tradicional. Vamos dar um tempinho nos nacionais e olhar um pouco al\u00e9m do horizonte. Vamos dedicar a semana aos artistas de pa\u00edses vizinhos e de l\u00edngua portuguesa. Come\u00e7arei com Rub\u00e9n Pagura, ator, cantor e dramaturgo &hellip; <a href=\"https:\/\/www.toque-musicall.com\/?p=1938\">Continue lendo <span class=\"meta-nav\">&rarr;<\/span><\/a><\/p>\n","protected":false},"author":1,"featured_media":0,"comment_status":"open","ping_status":"closed","sticky":false,"template":"","format":"standard","meta":{"footnotes":""},"categories":[1861],"tags":[],"class_list":["post-1938","post","type-post","status-publish","format-standard","hentry","category-ruben-pagura"],"_links":{"self":[{"href":"https:\/\/www.toque-musicall.com\/index.php?rest_route=\/wp\/v2\/posts\/1938","targetHints":{"allow":["GET"]}}],"collection":[{"href":"https:\/\/www.toque-musicall.com\/index.php?rest_route=\/wp\/v2\/posts"}],"about":[{"href":"https:\/\/www.toque-musicall.com\/index.php?rest_route=\/wp\/v2\/types\/post"}],"author":[{"embeddable":true,"href":"https:\/\/www.toque-musicall.com\/index.php?rest_route=\/wp\/v2\/users\/1"}],"replies":[{"embeddable":true,"href":"https:\/\/www.toque-musicall.com\/index.php?rest_route=%2Fwp%2Fv2%2Fcomments&post=1938"}],"version-history":[{"count":0,"href":"https:\/\/www.toque-musicall.com\/index.php?rest_route=\/wp\/v2\/posts\/1938\/revisions"}],"wp:attachment":[{"href":"https:\/\/www.toque-musicall.com\/index.php?rest_route=%2Fwp%2Fv2%2Fmedia&parent=1938"}],"wp:term":[{"taxonomy":"category","embeddable":true,"href":"https:\/\/www.toque-musicall.com\/index.php?rest_route=%2Fwp%2Fv2%2Fcategories&post=1938"},{"taxonomy":"post_tag","embeddable":true,"href":"https:\/\/www.toque-musicall.com\/index.php?rest_route=%2Fwp%2Fv2%2Ftags&post=1938"}],"curies":[{"name":"wp","href":"https:\/\/api.w.org\/{rel}","templated":true}]}}