{"id":1945,"date":"2007-11-02T15:39:00","date_gmt":"2007-11-02T15:39:00","guid":{"rendered":"http:\/\/www.toque-musicall.com\/?p=1945"},"modified":"2007-11-02T15:39:00","modified_gmt":"2007-11-02T15:39:00","slug":"som-imaginario-nova-estrela-1971","status":"publish","type":"post","link":"https:\/\/www.toque-musicall.com\/?p=1945","title":{"rendered":"Som Imagin\u00e1rio &#8211; Nova Estrela (1971)"},"content":{"rendered":"<p><a href=\"http:\/\/3.bp.blogspot.com\/_DSKVEvHtskc\/RytFgwN6mrI\/AAAAAAAAAsA\/RQELwhGPui8\/s1600-h\/Som+imaginario.jpg\"><img decoding=\"async\" id=\"BLOGGER_PHOTO_ID_5128269029692840626\" style=\"DISPLAY: block; MARGIN: 0px auto 10px; CURSOR: hand; TEXT-ALIGN: center\" alt=\"\" src=\"http:\/\/3.bp.blogspot.com\/_DSKVEvHtskc\/RytFgwN6mrI\/AAAAAAAAAsA\/RQELwhGPui8\/s400\/Som+imaginario.jpg\" border=\"0\" \/><\/a>Atendendo aos meus caros amigos, vamos com o segundo disco do Som Imagin\u00e1rio. Neste \u00e1lbum, o som vai al\u00e9m do imagin\u00e1rio. Z\u00e9 Rodrix havia sa\u00eddo do grupo. Eles continuaram como banda de apoio de Milton Nascimento e Gal Costa. Tocaram tamb\u00e9m outros artistas. Em 1971 eles participaram de um filme, um curta rodado em super 8 de Andr\u00e9 Adler, chamado &#8220;Nova Estrela&#8221;. Segundo contam, este filminho esteve guardado com a Lucinha (Lucina) da dupla Luli &#038; Lucina. Me parece que o filme foi rodado em Mangaratiba (RJ), onde elas moravam. Para os mais interessados, este filme pode ser visto no <a href=\"http:\/\/www.youtube.com\/watch?v=VZDkvL7Y3Oc\">Youtube<\/a>. Acho que o lp tem esse nome por causa da m\u00fasica do Wagner Tiso e por isso, correto? Toque dado, toque j\u00e1&#8230;<\/p>\n<div align=\"center\">01. Cenouras<\/div>\n<div align=\"center\">02. Voc\u00ea Tem Que Saber<\/div>\n<div align=\"center\">03. Gog\u00f3 (O Al\u00edvio Rococ\u00f3)<\/div>\n<div align=\"center\">04. Ascenso<\/div>\n<div align=\"center\">05. Salva\u00e7\u00e3o Pela Macrobi\u00f3tica<\/div>\n<div align=\"center\">06. Ue<\/div>\n<div align=\"center\">07. Xmas Blues<\/div>\n<div align=\"center\">08. A Nova Estrela<\/div>\n<div align=\"center\"><\/div>\n<div align=\"center\"><\/div>\n","protected":false},"excerpt":{"rendered":"<p>Atendendo aos meus caros amigos, vamos com o segundo disco do Som Imagin\u00e1rio. Neste \u00e1lbum, o som vai al\u00e9m do imagin\u00e1rio. Z\u00e9 Rodrix havia sa\u00eddo do grupo. Eles continuaram como banda de apoio de Milton Nascimento e Gal Costa. Tocaram &hellip; <a href=\"https:\/\/www.toque-musicall.com\/?p=1945\">Continue lendo <span class=\"meta-nav\">&rarr;<\/span><\/a><\/p>\n","protected":false},"author":1,"featured_media":0,"comment_status":"open","ping_status":"closed","sticky":false,"template":"","format":"standard","meta":{"footnotes":""},"categories":[1863],"tags":[],"class_list":["post-1945","post","type-post","status-publish","format-standard","hentry","category-som-imaginario"],"_links":{"self":[{"href":"https:\/\/www.toque-musicall.com\/index.php?rest_route=\/wp\/v2\/posts\/1945","targetHints":{"allow":["GET"]}}],"collection":[{"href":"https:\/\/www.toque-musicall.com\/index.php?rest_route=\/wp\/v2\/posts"}],"about":[{"href":"https:\/\/www.toque-musicall.com\/index.php?rest_route=\/wp\/v2\/types\/post"}],"author":[{"embeddable":true,"href":"https:\/\/www.toque-musicall.com\/index.php?rest_route=\/wp\/v2\/users\/1"}],"replies":[{"embeddable":true,"href":"https:\/\/www.toque-musicall.com\/index.php?rest_route=%2Fwp%2Fv2%2Fcomments&post=1945"}],"version-history":[{"count":0,"href":"https:\/\/www.toque-musicall.com\/index.php?rest_route=\/wp\/v2\/posts\/1945\/revisions"}],"wp:attachment":[{"href":"https:\/\/www.toque-musicall.com\/index.php?rest_route=%2Fwp%2Fv2%2Fmedia&parent=1945"}],"wp:term":[{"taxonomy":"category","embeddable":true,"href":"https:\/\/www.toque-musicall.com\/index.php?rest_route=%2Fwp%2Fv2%2Fcategories&post=1945"},{"taxonomy":"post_tag","embeddable":true,"href":"https:\/\/www.toque-musicall.com\/index.php?rest_route=%2Fwp%2Fv2%2Ftags&post=1945"}],"curies":[{"name":"wp","href":"https:\/\/api.w.org\/{rel}","templated":true}]}}