{"id":195,"date":"2011-12-30T21:04:00","date_gmt":"2011-12-30T21:04:00","guid":{"rendered":"http:\/\/www.toque-musicall.com\/?p=195"},"modified":"2011-12-30T21:04:00","modified_gmt":"2011-12-30T21:04:00","slug":"jacob-do-bandolim-primas-e-bordoes-1962","status":"publish","type":"post","link":"https:\/\/www.toque-musicall.com\/?p=195","title":{"rendered":"Jacob Do Bandolim &#8211; Primas E Bord\u00f5es (1962)"},"content":{"rendered":"<p><a href=\"http:\/\/4.bp.blogspot.com\/-QBxKJDwx8Ow\/Tv46qSTaSTI\/AAAAAAAAAwk\/S-JfMmdHaPU\/s1600\/jacob+P.JPG\"><img decoding=\"async\" style=\"display:block; margin:0px auto 10px; text-align:center;cursor:pointer; cursor:hand;width: 400px; height: 398px;\" src=\"http:\/\/4.bp.blogspot.com\/-QBxKJDwx8Ow\/Tv46qSTaSTI\/AAAAAAAAAwk\/S-JfMmdHaPU\/s400\/jacob+P.JPG\" border=\"0\" alt=\"\" id=\"BLOGGER_PHOTO_ID_5692051477185055026\" \/><\/a>Boa noite, amigos cultos e ocultos! Eu ando mesmo perdendo a no\u00e7\u00e3o do tempo. Eu estava certo de que hoje era o \u00faltimo dia do ano, nem me toquei que ainda era dia 30. J\u00e1 ia eu me preparando para levar a turma aqui de casa para ver os fogos na rua. N\u00e3o fosse eles me avisarem, eu agora j\u00e1 estaria vestindo minha paramenta branca, tradicional de reveillon. N\u00e3o sei se foi culpa do chocolate ou dos rem\u00e9dios que tenho tomado para dor. Depois que se passa dos 40, o bicho pega. Quando chega nos 50 \u00e9 que ent\u00e3o a gente percebe que o bicho t\u00e1 na cola. Se n\u00e3o ficar esperto, ele come&#8230; A merda da coisa \u00e9 quando a mente t\u00e1 num pique dos vinte e poucos e o corpo acompanhado a realidade. Mas deve ser pior quando a mente tamb\u00e9m sucumbiu ao tempo. Sem essa, t\u00f4 fora! T\u00f4 me sentindo agora muito melhor, sabendo que ainda tenho mais um dia no ano. Quer dizer, fiquei um dia mais novo, hehehe&#8230;<\/p>\n<div>Eu havia planejado postar este disco do Jacob do Bandolim no primeiro dia do ano. E hoje, tivesse permanecido no engano, estaria aqui postando os meus votos  de &#8216;feliz ano novo&#8217;.  Vamos ent\u00e3o passar o Jacob para o pen\u00faltimo dia do ano. Com certeza s\u00f3 ir\u00e1 abrilhantar nosso encerramento.<\/div>\n<div>Eis aqui um bel\u00edssimo \u00e1lbum, lan\u00e7ado em 1962, pela RCA Victor. Por certo, um lp bem conhecido de todos, divulgado em diversos blogs e sempre comentado quando o assunto \u00e9 Jacob do Bandolim. Foi tamb\u00e9m relan\u00e7ado em 2006, no formato cd, pelo Instituto Jacob do Bandolim, dentro do livro &#8220;Tocando com Jacob&#8221;, onde foram publicadas as partituras, com transcri\u00e7\u00f5es para outros instrumentos e ainda os &#8216;play back&#8217;, de &#8220;Primas e Bord\u00f5es&#8221; e &#8220;Chorinhos e Chor\u00f5es&#8221;, para que se possa tocar, na base do &#8216;karaok\u00ea&#8217; instrumental.<\/div>\n<div>&#8220;Primas e Bord\u00f5es&#8221; traz um bel\u00edssimo repert\u00f3rio de ch\u00f4ros e duas valsinhas, que hoje j\u00e1 se tornaram cl\u00e1ssicos. Nem vou comentar. Mas vale destacar a presen\u00e7a dos m\u00fasicos Benedicto C\u00e9sar, Carlos Leite e Dino 7 Cordas, nos viol\u00f5es; Jonas Pereira da Silva, no cavaquinho; Luiz Marinho, no contrabaixo; o percussionista Pedro Santos (Sorongo) e os ritmistas Gilberto D&#8217;Avila, Pl\u00ednio e Jaime, que fazem o som do Jacob ficar ainda mais rico. Uma beleza de disco que n\u00e3o poderia faltar aqui no Toque Musical. Confira aqui e corra depois atr\u00e1s do livro\/cd, que \u00e9 \u00f3timo!<\/div>\n<div><\/div>\n<div style=\"text-align: center;\">teu beijo<\/div>\n<div style=\"text-align: center;\">falta-me voc\u00ea<\/div>\n<div style=\"text-align: center;\">araponga<\/div>\n<div style=\"text-align: center;\">minha gente<\/div>\n<div style=\"text-align: center;\">meu chorinho<\/div>\n<div style=\"text-align: center;\">gl\u00f3ria<\/div>\n<div style=\"text-align: center;\">um bandolim na escola<\/div>\n<div style=\"text-align: center;\">naquele tempo<\/div>\n<div style=\"text-align: center;\">a gingra do man\u00e9<\/div>\n<div style=\"text-align: center;\">gorgulho<\/div>\n<div style=\"text-align: center;\">negrinha<\/div>\n<div style=\"text-align: center;\">o v\u00f4o da mosca<\/div>\n<div style=\"text-align: center;\"><\/div>\n<div style=\"text-align: center;\"><\/div>\n","protected":false},"excerpt":{"rendered":"<p>Boa noite, amigos cultos e ocultos! Eu ando mesmo perdendo a no\u00e7\u00e3o do tempo. Eu estava certo de que hoje era o \u00faltimo dia do ano, nem me toquei que ainda era dia 30. J\u00e1 ia eu me preparando para &hellip; <a href=\"https:\/\/www.toque-musicall.com\/?p=195\">Continue lendo <span class=\"meta-nav\">&rarr;<\/span><\/a><\/p>\n","protected":false},"author":1,"featured_media":0,"comment_status":"open","ping_status":"closed","sticky":false,"template":"","format":"standard","meta":{"footnotes":""},"categories":[359,70],"tags":[],"class_list":["post-195","post","type-post","status-publish","format-standard","hentry","category-jacob-do-bandolim","category-selo-rca-victor"],"_links":{"self":[{"href":"https:\/\/www.toque-musicall.com\/index.php?rest_route=\/wp\/v2\/posts\/195","targetHints":{"allow":["GET"]}}],"collection":[{"href":"https:\/\/www.toque-musicall.com\/index.php?rest_route=\/wp\/v2\/posts"}],"about":[{"href":"https:\/\/www.toque-musicall.com\/index.php?rest_route=\/wp\/v2\/types\/post"}],"author":[{"embeddable":true,"href":"https:\/\/www.toque-musicall.com\/index.php?rest_route=\/wp\/v2\/users\/1"}],"replies":[{"embeddable":true,"href":"https:\/\/www.toque-musicall.com\/index.php?rest_route=%2Fwp%2Fv2%2Fcomments&post=195"}],"version-history":[{"count":0,"href":"https:\/\/www.toque-musicall.com\/index.php?rest_route=\/wp\/v2\/posts\/195\/revisions"}],"wp:attachment":[{"href":"https:\/\/www.toque-musicall.com\/index.php?rest_route=%2Fwp%2Fv2%2Fmedia&parent=195"}],"wp:term":[{"taxonomy":"category","embeddable":true,"href":"https:\/\/www.toque-musicall.com\/index.php?rest_route=%2Fwp%2Fv2%2Fcategories&post=195"},{"taxonomy":"post_tag","embeddable":true,"href":"https:\/\/www.toque-musicall.com\/index.php?rest_route=%2Fwp%2Fv2%2Ftags&post=195"}],"curies":[{"name":"wp","href":"https:\/\/api.w.org\/{rel}","templated":true}]}}