{"id":1950,"date":"2007-10-31T14:06:00","date_gmt":"2007-10-31T14:06:00","guid":{"rendered":"http:\/\/www.toque-musicall.com\/?p=1950"},"modified":"2007-10-31T14:06:00","modified_gmt":"2007-10-31T14:06:00","slug":"banda-de-pau-e-corda-assim-amem-1976","status":"publish","type":"post","link":"https:\/\/www.toque-musicall.com\/?p=1950","title":{"rendered":"Banda De Pau E Corda &#8211; Assim&#8230; Am\u00e9m (1976)"},"content":{"rendered":"<p><a href=\"http:\/\/1.bp.blogspot.com\/_DSKVEvHtskc\/RyiiHAN6mjI\/AAAAAAAAArE\/tt2WvxFPM3M\/s1600-h\/banda+de+pau+e+corda+-+assim+amem+-+front.jpg\"><img decoding=\"async\" id=\"BLOGGER_PHOTO_ID_5127526416962460210\" style=\"DISPLAY: block; MARGIN: 0px auto 10px; CURSOR: hand; TEXT-ALIGN: center\" alt=\"\" src=\"http:\/\/1.bp.blogspot.com\/_DSKVEvHtskc\/RyiiHAN6mjI\/AAAAAAAAArE\/tt2WvxFPM3M\/s400\/banda+de+pau+e+corda+-+assim+amem+-+front.jpg\" border=\"0\" \/><\/a>Vamos deixar de lado a quantidade e cuidar da qualidade. Por\u00e9m, sem esquecer a variedade. Seguindo este lema, procurarei de agora para frente ser mais seletivo. Criei uma enquete no m\u00eas passado para avaliar o gosto musical dos meus visitantes. Digo isso em rela\u00e7\u00e3o aos que frequentam e eu n\u00e3o conhe\u00e7o, pois os s\u00f3cios de carteirinha t\u00eam seus pr\u00f3prios telefones vermelhos em liga\u00e7\u00e3o direta comigo. O resultado foi satisfat\u00f3rio e dentro desse quadro, procurarei pautar meus t\u00edtulos, mas dando sempre prioridade ao s\u00f3cios, &#8216;chegados&#8217;, desesperados e a mim mesmo. Assim sendo, posto agora um pedido de s\u00f3cio, embora este pudesse muito bem pegar o disco aqui comigo (n\u00e9?). Mas vamos abrir para todos, afinal o toque \u00e9 musical e democr\u00e1tico. Vamos como esse grupo vocal que veio l\u00e1 de Pernambuco, no come\u00e7o dos anos 70. A Banda de Pau &#038; Cordas naquela d\u00e9cada fez muito sucesso, assim como outros grupos que vieram do Nordeste, como o Quinteto Violado e o Quinteto Armorial. Leiam o complemento do jornalista Aramis Millarch: &#8220;O que nos parece de maior validade neste terceiro lp da Banda de Pau &#038; Corda \u00e9 o despojamento dos arranjos, com o grupo valorizando os instrumentos simples &#8211; bel\u00edssimos os solos de flauta de Beto Johnsson e de viola de Nelsinho &#8211; conscientes de que na autenticidade regional, est\u00e3o sendo mais universais do que com todas as concess\u00f5es e piruetas que tanto as fazem.&#8221; T\u00e1 dado o toque&#8230; <\/p>\n<p align=\"center\">1 Areia (Sergio Andrade &#8211; Waltinho)<br \/>2 Me diga homem (Sergio Andrade &#8211; Waltinho)<br \/>3 Atr\u00e1s da morte (Sergio Andrade &#8211; Waltinho)<br \/>4 R\u00e9is com r\u00e9is (Waltinho &#8211; Roberto Andrade)<br \/>5 Festa da Aparta\u00e7\u00e3o (Pazita &#8211; Bubuska)<br \/>6 Ceticismo (Paulo Rezende &#8211; Waltinho)<br \/>7 Telha nua (Waltinho &#8211; Roberto Andrade)<br \/>8 Homenagem aos Sobas (Maracatu) (Waltinho &#8211; A.Sacramento)<br \/>9 Ciranda Azul (Jos\u00e9 Generino &#8211; Luiz Ot\u00e1vio)<br \/>10 Pra\u00e7a de esmola (Sergio Andrade &#8211; Waltinho)<br \/>11 Amanhecendo (Rosa Maria &#8211; Luiz Queiroga)<br \/>12 Assim&#8230; Am\u00e9m (Sergio Andrade &#8211; Waltinho)<\/p>\n<p align=\"center\"><\/p>\n","protected":false},"excerpt":{"rendered":"<p>Vamos deixar de lado a quantidade e cuidar da qualidade. Por\u00e9m, sem esquecer a variedade. Seguindo este lema, procurarei de agora para frente ser mais seletivo. Criei uma enquete no m\u00eas passado para avaliar o gosto musical dos meus visitantes. &hellip; <a href=\"https:\/\/www.toque-musicall.com\/?p=1950\">Continue lendo <span class=\"meta-nav\">&rarr;<\/span><\/a><\/p>\n","protected":false},"author":1,"featured_media":0,"comment_status":"open","ping_status":"closed","sticky":false,"template":"","format":"standard","meta":{"footnotes":""},"categories":[1280],"tags":[],"class_list":["post-1950","post","type-post","status-publish","format-standard","hentry","category-banda-de-pau-e-corda"],"_links":{"self":[{"href":"https:\/\/www.toque-musicall.com\/index.php?rest_route=\/wp\/v2\/posts\/1950","targetHints":{"allow":["GET"]}}],"collection":[{"href":"https:\/\/www.toque-musicall.com\/index.php?rest_route=\/wp\/v2\/posts"}],"about":[{"href":"https:\/\/www.toque-musicall.com\/index.php?rest_route=\/wp\/v2\/types\/post"}],"author":[{"embeddable":true,"href":"https:\/\/www.toque-musicall.com\/index.php?rest_route=\/wp\/v2\/users\/1"}],"replies":[{"embeddable":true,"href":"https:\/\/www.toque-musicall.com\/index.php?rest_route=%2Fwp%2Fv2%2Fcomments&post=1950"}],"version-history":[{"count":0,"href":"https:\/\/www.toque-musicall.com\/index.php?rest_route=\/wp\/v2\/posts\/1950\/revisions"}],"wp:attachment":[{"href":"https:\/\/www.toque-musicall.com\/index.php?rest_route=%2Fwp%2Fv2%2Fmedia&parent=1950"}],"wp:term":[{"taxonomy":"category","embeddable":true,"href":"https:\/\/www.toque-musicall.com\/index.php?rest_route=%2Fwp%2Fv2%2Fcategories&post=1950"},{"taxonomy":"post_tag","embeddable":true,"href":"https:\/\/www.toque-musicall.com\/index.php?rest_route=%2Fwp%2Fv2%2Ftags&post=1950"}],"curies":[{"name":"wp","href":"https:\/\/api.w.org\/{rel}","templated":true}]}}