{"id":1951,"date":"2007-10-31T14:05:00","date_gmt":"2007-10-31T14:05:00","guid":{"rendered":"http:\/\/www.toque-musicall.com\/?p=1951"},"modified":"2007-10-31T14:05:00","modified_gmt":"2007-10-31T14:05:00","slug":"bene-fonteles-ae","status":"publish","type":"post","link":"https:\/\/www.toque-musicall.com\/?p=1951","title":{"rendered":"Ben\u00e9 Fonteles &#8211; A\u00ea"},"content":{"rendered":"<p><a href=\"http:\/\/4.bp.blogspot.com\/_DSKVEvHtskc\/RyknfgN6mlI\/AAAAAAAAArU\/It9Lz4X0y1E\/s1600-h\/bene.JPG\"><img decoding=\"async\" id=\"BLOGGER_PHOTO_ID_5127673072915749458\" style=\"DISPLAY: block; MARGIN: 0px auto 10px; CURSOR: hand; TEXT-ALIGN: center\" alt=\"\" src=\"http:\/\/4.bp.blogspot.com\/_DSKVEvHtskc\/RyknfgN6mlI\/AAAAAAAAArU\/It9Lz4X0y1E\/s400\/bene.JPG\" border=\"0\" \/><\/a>Mais um dos meus favoritos. Sempre presente na minhas &#8216;cantaroladas&#8217;. Ben\u00e9 Fonteles \u00e9 uma figura muito especial, mas pouco conhecida do grande p\u00fablico. Um artista que est\u00e1 em todas, das artes visuais e perform\u00e1ticas, passando pela fotografia, v\u00eddeos e naturalmente a m\u00fasica. Sua trajet\u00f3ria art\u00edstica come\u00e7a no inicio dos anos 70, como agitador cultural. Sempre esteve envolvido em quest\u00f5es ambientais, na realidade s\u00f3cio-cultural, ecol\u00f3gica e espiritual do povo brasileiro; motivo e inspira\u00e7\u00e3o de sua obra art\u00edstica. Para se ter uma id\u00e9ia da vis\u00e3o art\u00edstica de Ben\u00e9 Fonteles, em 1987 ele lan\u00e7a com recital no SESC-Pomp\u00e9ia (SP) e show no Audit\u00f3rio do MASP, o disco \u201cSilencioso\u201d onde s\u00f3 existe a capa e cuja proposta \u00e9 ouvir o sil\u00eancio.<br \/>Descobri este disco meio por acaso a uns 10 anos atr\u00e1s numa banca de saldos de uma loja de discos populares. \u00c9 por isso que prefiro comprar discos nesse tipo de loja e bancas de usados &#8211; sempre h\u00e1 p\u00e9rolas por l\u00e1 esquecidas e quase de gra\u00e7a.<br \/>O \u00e1lbum \u201cA\u00ea\u201d que estou postando aqui, foi lan\u00e7ado em 1992, em um show no v\u00e3o livre do MASP com com a participa\u00e7\u00e3o especial dos amigos, Egberto Gismonti, Tet\u00ea Esp\u00edndola, Duofel e Ney Matogrosso. Este disco \u00e9 tudo de bom. Uma fus\u00e3o de MPB com alguma coisa assim meio New Age. Tem que ouvir esse toque.<\/p>\n<div align=\"center\">Amar (Ben\u00e9 Fonteles &#038; Tet\u00ea Esp\u00edndola)<br \/>Onde navega o ser (Ben\u00e9 Fonteles &#038; Nonato Luiz)<br \/>S\u00f3.li.d\u00e3o (Ben\u00e9 Fonteles &#038; Edu Helou)<br \/>N\u00f4made Tarqui (Ben\u00e9 Fonteles)<br \/>Tudo um todo (Ben\u00e9 Fonteles)<br \/>Um novo dia (Ben\u00e9 Fonteles)<br \/>Azul (Ben\u00e9 Fonteles)<br \/>Sem olhar (Ben\u00e9 Fonteles)<br \/>Mergulhador (Ben\u00e9 Fonteles)<br \/>A\u00ea (Ben\u00e9 Fonteles)<\/div>\n<div align=\"center\"><\/div>\n<div align=\"center\"><\/div>\n","protected":false},"excerpt":{"rendered":"<p>Mais um dos meus favoritos. Sempre presente na minhas &#8216;cantaroladas&#8217;. Ben\u00e9 Fonteles \u00e9 uma figura muito especial, mas pouco conhecida do grande p\u00fablico. Um artista que est\u00e1 em todas, das artes visuais e perform\u00e1ticas, passando pela fotografia, v\u00eddeos e naturalmente &hellip; <a href=\"https:\/\/www.toque-musicall.com\/?p=1951\">Continue lendo <span class=\"meta-nav\">&rarr;<\/span><\/a><\/p>\n","protected":false},"author":1,"featured_media":0,"comment_status":"open","ping_status":"closed","sticky":false,"template":"","format":"standard","meta":{"footnotes":""},"categories":[1400],"tags":[],"class_list":["post-1951","post","type-post","status-publish","format-standard","hentry","category-bene-fonteles"],"_links":{"self":[{"href":"https:\/\/www.toque-musicall.com\/index.php?rest_route=\/wp\/v2\/posts\/1951","targetHints":{"allow":["GET"]}}],"collection":[{"href":"https:\/\/www.toque-musicall.com\/index.php?rest_route=\/wp\/v2\/posts"}],"about":[{"href":"https:\/\/www.toque-musicall.com\/index.php?rest_route=\/wp\/v2\/types\/post"}],"author":[{"embeddable":true,"href":"https:\/\/www.toque-musicall.com\/index.php?rest_route=\/wp\/v2\/users\/1"}],"replies":[{"embeddable":true,"href":"https:\/\/www.toque-musicall.com\/index.php?rest_route=%2Fwp%2Fv2%2Fcomments&post=1951"}],"version-history":[{"count":0,"href":"https:\/\/www.toque-musicall.com\/index.php?rest_route=\/wp\/v2\/posts\/1951\/revisions"}],"wp:attachment":[{"href":"https:\/\/www.toque-musicall.com\/index.php?rest_route=%2Fwp%2Fv2%2Fmedia&parent=1951"}],"wp:term":[{"taxonomy":"category","embeddable":true,"href":"https:\/\/www.toque-musicall.com\/index.php?rest_route=%2Fwp%2Fv2%2Fcategories&post=1951"},{"taxonomy":"post_tag","embeddable":true,"href":"https:\/\/www.toque-musicall.com\/index.php?rest_route=%2Fwp%2Fv2%2Ftags&post=1951"}],"curies":[{"name":"wp","href":"https:\/\/api.w.org\/{rel}","templated":true}]}}