{"id":1952,"date":"2007-10-30T14:29:00","date_gmt":"2007-10-30T14:29:00","guid":{"rendered":"http:\/\/www.toque-musicall.com\/?p=1952"},"modified":"2007-10-30T14:29:00","modified_gmt":"2007-10-30T14:29:00","slug":"danilo-caymmi-cheiro-verde-1977","status":"publish","type":"post","link":"https:\/\/www.toque-musicall.com\/?p=1952","title":{"rendered":"Danilo Caymmi &#8211; Cheiro Verde (1977)"},"content":{"rendered":"<div align=\"left\"><a href=\"http:\/\/3.bp.blogspot.com\/_DSKVEvHtskc\/SX7r6XqJMSI\/AAAAAAAADRg\/Q3Ygkd1bXMI\/s1600-h\/danilo+caymmi+-+Cheiro+Verde+-+1977+P.JPG\"><img decoding=\"async\" id=\"BLOGGER_PHOTO_ID_5295929599850000674\" style=\"DISPLAY: block; MARGIN: 0px auto 10px; WIDTH: 397px; CURSOR: hand; HEIGHT: 400px; TEXT-ALIGN: center\" alt=\"\" src=\"http:\/\/3.bp.blogspot.com\/_DSKVEvHtskc\/SX7r6XqJMSI\/AAAAAAAADRg\/Q3Ygkd1bXMI\/s400\/danilo+caymmi+-+Cheiro+Verde+-+1977+P.JPG\" border=\"0\" \/><\/a>Dorival Caymmi \u00e9 mesmo genial. Se n\u00e3o bastasse ser um dos maiores compositores brasileiros de todos os tempos, fez tamb\u00e9m tr\u00eas filhos maravilhosos, Dori, Nana e Danilo. Artistas que souberam seguir os passos do pai. Cada um a seu modo, mas hoje em dia t\u00e3o importantes quanto o progenitor. Aqui temos o Danilo, o mais novo dos tr\u00eas, em seu \u00e1lbum de estr\u00e9ia. Uma p\u00e9rola rara de se ver por a\u00ed. Neste seu primeiro disco ele at\u00e9 canta, coisa que n\u00e3o viria a fazer nos subsequentes. Danilo \u00e9 acima de tudo um compositor instrumentista. Flautista presente em discos de diversos artistas. Salve o Jethro Tull que um dia serviu de inspira\u00e7\u00e3o para transformar a cabe\u00e7a dessa gera\u00e7\u00e3o!<\/p>\n<div align=\"center\">Mineiro (Danilo Caymmi-Ronaldo Bastos)<br \/>P\u00e9 Sem Cabe\u00e7a (Danilo Caymmi-Ana Terra) <\/div>\n<div align=\"center\">Codaj\u00e1s (Danilo Caymmi-Ronaldo Bastos) <\/div>\n<div align=\"center\">Juliana (Danilo Caymmi-Ana Terra) <\/div>\n<div align=\"center\">Aperta Outro (Danilo Caymmi-Ana Terra) <\/div>\n<div align=\"center\">Racha Cartola (Danilo Caymmi-Jo\u00e3o Carlos P\u00e1dua) <\/div>\n<div align=\"center\">Botina (Danilo Caymmi-N\u00e9lson \u00c2ngelo) <\/div>\n<div align=\"center\">Lua Do Meio-Dia (Danilo Caymmi-Ana Terra) <\/div>\n<div align=\"center\">Vivo Ou Morto (DaniloCaymmi-Jo\u00e3o Carlos P\u00e1dua) <\/div>\n<div align=\"center\">Cheiro-Verde (Danilo Caymmi-Ana Terra)<\/div>\n<div align=\"center\"><\/div>\n<div align=\"center\"> <\/div>\n<div align=\"center\"><a href=\"http:\/\/www.mediafire.com\/?8lzuj9gx1hs\"><\/a> <\/div>\n<\/div>\n","protected":false},"excerpt":{"rendered":"<p>Dorival Caymmi \u00e9 mesmo genial. Se n\u00e3o bastasse ser um dos maiores compositores brasileiros de todos os tempos, fez tamb\u00e9m tr\u00eas filhos maravilhosos, Dori, Nana e Danilo. Artistas que souberam seguir os passos do pai. Cada um a seu modo, &hellip; <a href=\"https:\/\/www.toque-musicall.com\/?p=1952\">Continue lendo <span class=\"meta-nav\">&rarr;<\/span><\/a><\/p>\n","protected":false},"author":1,"featured_media":0,"comment_status":"open","ping_status":"closed","sticky":false,"template":"","format":"standard","meta":{"footnotes":""},"categories":[1337],"tags":[],"class_list":["post-1952","post","type-post","status-publish","format-standard","hentry","category-danilo-caymmi"],"_links":{"self":[{"href":"https:\/\/www.toque-musicall.com\/index.php?rest_route=\/wp\/v2\/posts\/1952","targetHints":{"allow":["GET"]}}],"collection":[{"href":"https:\/\/www.toque-musicall.com\/index.php?rest_route=\/wp\/v2\/posts"}],"about":[{"href":"https:\/\/www.toque-musicall.com\/index.php?rest_route=\/wp\/v2\/types\/post"}],"author":[{"embeddable":true,"href":"https:\/\/www.toque-musicall.com\/index.php?rest_route=\/wp\/v2\/users\/1"}],"replies":[{"embeddable":true,"href":"https:\/\/www.toque-musicall.com\/index.php?rest_route=%2Fwp%2Fv2%2Fcomments&post=1952"}],"version-history":[{"count":0,"href":"https:\/\/www.toque-musicall.com\/index.php?rest_route=\/wp\/v2\/posts\/1952\/revisions"}],"wp:attachment":[{"href":"https:\/\/www.toque-musicall.com\/index.php?rest_route=%2Fwp%2Fv2%2Fmedia&parent=1952"}],"wp:term":[{"taxonomy":"category","embeddable":true,"href":"https:\/\/www.toque-musicall.com\/index.php?rest_route=%2Fwp%2Fv2%2Fcategories&post=1952"},{"taxonomy":"post_tag","embeddable":true,"href":"https:\/\/www.toque-musicall.com\/index.php?rest_route=%2Fwp%2Fv2%2Ftags&post=1952"}],"curies":[{"name":"wp","href":"https:\/\/api.w.org\/{rel}","templated":true}]}}