{"id":1953,"date":"2007-10-30T14:26:00","date_gmt":"2007-10-30T14:26:00","guid":{"rendered":"http:\/\/www.toque-musicall.com\/?p=1953"},"modified":"2007-10-30T14:26:00","modified_gmt":"2007-10-30T14:26:00","slug":"jorge-ben-1969","status":"publish","type":"post","link":"https:\/\/www.toque-musicall.com\/?p=1953","title":{"rendered":"Jorge Ben (1969)"},"content":{"rendered":"<p><a href=\"http:\/\/1.bp.blogspot.com\/_DSKVEvHtskc\/RyfTWQN6mgI\/AAAAAAAAAqs\/C-QxhyDs1SQ\/s1600-h\/jorge+ben+1969+f.JPG\"><img decoding=\"async\" id=\"BLOGGER_PHOTO_ID_5127299080048515586\" style=\"DISPLAY: block; MARGIN: 0px auto 10px; CURSOR: hand; TEXT-ALIGN: center\" alt=\"\" src=\"http:\/\/1.bp.blogspot.com\/_DSKVEvHtskc\/RyfTWQN6mgI\/AAAAAAAAAqs\/C-QxhyDs1SQ\/s400\/jorge+ben+1969+f.JPG\" border=\"0\" \/><\/a>Aqui outro \u00e1lbum que me acompanha de longas datas. Jorge Ben na fase tropicalista, pelo menos na capa, com um desenho do artista pl\u00e1stico Albery e arranjos de Rog\u00e9rio Duprat. Um disco dos mais festejados e para mim, um dos melhores. Vamos com o &#8220;Flameng\u00e3o&#8221; no pa\u00eds tropical enquanto seu lobo n\u00e3o vem. Toque este toque&#8230;<\/p>\n<div align=\"center\">1- Criola<\/div>\n<div align=\"center\">2- Domingas<\/div>\n<div align=\"center\">3- Cad\u00ea Tereza<\/div>\n<div align=\"center\">4- Barbarella<\/div>\n<div align=\"center\">5- Pa\u00eds Tropical<\/div>\n<div align=\"center\">6- Take It Easy My Brother Charles<\/div>\n<div align=\"center\">7- Descobri Que Sou Um Anjo<\/div>\n<div align=\"center\">8- Bebete V\u00e3obora<\/div>\n<div align=\"center\">9- Quem Foi Que Roubou a Sopeira de Porcelana Chinesa Que a Vov\u00f3 Ganhou da Baronesa<\/div>\n<div align=\"center\">10- Que Pena<\/div>\n<div align=\"center\">11- Charles 45<\/div>\n<div align=\"center\"><\/div>\n<div align=\"center\"><\/div>\n<div align=\"center\"> <\/div>\n","protected":false},"excerpt":{"rendered":"<p>Aqui outro \u00e1lbum que me acompanha de longas datas. Jorge Ben na fase tropicalista, pelo menos na capa, com um desenho do artista pl\u00e1stico Albery e arranjos de Rog\u00e9rio Duprat. Um disco dos mais festejados e para mim, um dos &hellip; <a href=\"https:\/\/www.toque-musicall.com\/?p=1953\">Continue lendo <span class=\"meta-nav\">&rarr;<\/span><\/a><\/p>\n","protected":false},"author":1,"featured_media":0,"comment_status":"open","ping_status":"closed","sticky":false,"template":"","format":"standard","meta":{"footnotes":""},"categories":[583],"tags":[],"class_list":["post-1953","post","type-post","status-publish","format-standard","hentry","category-jorge-ben"],"_links":{"self":[{"href":"https:\/\/www.toque-musicall.com\/index.php?rest_route=\/wp\/v2\/posts\/1953","targetHints":{"allow":["GET"]}}],"collection":[{"href":"https:\/\/www.toque-musicall.com\/index.php?rest_route=\/wp\/v2\/posts"}],"about":[{"href":"https:\/\/www.toque-musicall.com\/index.php?rest_route=\/wp\/v2\/types\/post"}],"author":[{"embeddable":true,"href":"https:\/\/www.toque-musicall.com\/index.php?rest_route=\/wp\/v2\/users\/1"}],"replies":[{"embeddable":true,"href":"https:\/\/www.toque-musicall.com\/index.php?rest_route=%2Fwp%2Fv2%2Fcomments&post=1953"}],"version-history":[{"count":0,"href":"https:\/\/www.toque-musicall.com\/index.php?rest_route=\/wp\/v2\/posts\/1953\/revisions"}],"wp:attachment":[{"href":"https:\/\/www.toque-musicall.com\/index.php?rest_route=%2Fwp%2Fv2%2Fmedia&parent=1953"}],"wp:term":[{"taxonomy":"category","embeddable":true,"href":"https:\/\/www.toque-musicall.com\/index.php?rest_route=%2Fwp%2Fv2%2Fcategories&post=1953"},{"taxonomy":"post_tag","embeddable":true,"href":"https:\/\/www.toque-musicall.com\/index.php?rest_route=%2Fwp%2Fv2%2Ftags&post=1953"}],"curies":[{"name":"wp","href":"https:\/\/api.w.org\/{rel}","templated":true}]}}