{"id":1957,"date":"2007-10-29T19:24:00","date_gmt":"2007-10-29T19:24:00","guid":{"rendered":"http:\/\/www.toque-musicall.com\/?p=1957"},"modified":"2007-10-29T19:24:00","modified_gmt":"2007-10-29T19:24:00","slug":"som-nosso-de-cada-dia-sabadodomingo-1977","status":"publish","type":"post","link":"https:\/\/www.toque-musicall.com\/?p=1957","title":{"rendered":"Som Nosso De Cada Dia &#8211; Sabado\/Domingo (1977)"},"content":{"rendered":"<p><a href=\"http:\/\/4.bp.blogspot.com\/_DSKVEvHtskc\/RyY5oQN6mbI\/AAAAAAAAAqE\/u1_2aGMscbM\/s1600-h\/Som+Nosso+De+Cada+Dia+-+Som+Nosso+-+Front.jpg\"><img decoding=\"async\" alt=\"\" border=\"0\" id=\"BLOGGER_PHOTO_ID_5126848589518772658\" src=\"http:\/\/4.bp.blogspot.com\/_DSKVEvHtskc\/RyY5oQN6mbI\/AAAAAAAAAqE\/u1_2aGMscbM\/s400\/Som+Nosso+De+Cada+Dia+-+Som+Nosso+-+Front.jpg\" style=\"cursor: hand; display: block; margin: 0px auto 10px; text-align: center;\" \/><\/a>Outro disco e banda para quem eu tiro o chap\u00e9u \u00e9 o Som Nosso. Tenho boas e loucas recorda\u00e7\u00f5es dessa que foi, para mim, a banda que fez o melhor disco de rock progressivo brasileiro (falo de Snegs). Depois, com a sa\u00edda de Manito (ex-Incr\u00edveis), veio este segundo \u00e1lbum, o &#8216;meia-lua&#8217;, quer dizer, um disco para s\u00e1bados e domingos. Ou seja, s\u00e1bado \u00e9 funk e domingo \u00e9 progressivo. Um \u00e1lbum que mesmo sem a presen\u00e7a do incr\u00edvel Manito, se manteve no agrado de fans como eu. Infelizmente os caras n\u00e3o investiram na banda e ficaram apenas em dois \u00e1lbuns de est\u00fadio. A pouco mais de dois anos foi lan\u00e7ado um \u00e1lbum duplo com registros ao vivo feitos naquela \u00e9poca. Com certeza meus assovios tamb\u00e9m est\u00e3o l\u00e1 gravados. Mas essa \u00e9 uma outra est\u00f3ria que eu conto quando postar o Snegs. Vamos nessa que \u00e9 legal a bessa!<br \/>PS.: Inclui duas faixas bonus que n\u00e3o fazem parte do \u00e1lbum original.<\/p>\n<div align=\"center\">01-Pra Swingar <\/div>\n<div align=\"center\">02-Levante a Cabe\u00e7a<\/div>\n<div align=\"center\">03-Fran\u00e7ois<\/div>\n<div align=\"center\">04-Pra Segurar<\/div>\n<div align=\"center\">05-Esta\u00e7\u00e3o da Luz<\/div>\n<div align=\"center\">06-Vida de Artista<\/div>\n<div align=\"center\">07-Bem no Fim<\/div>\n<div align=\"center\">08-Montanhas<\/div>\n<div align=\"center\">09-Neblina<\/div>\n<div align=\"center\">10-\u00c1gua Limpa<\/div>\n<div align=\"center\">11-Rara Conflu\u00eancia<\/div>\n<div align=\"center\">12-Black Rio (Bonus)<\/div>\n<div align=\"center\">13-Identifica\u00e7\u00e3o (Bonus)<\/div>\n<div align=\"center\"><\/div>\n<div align=\"center\"><\/div>\n","protected":false},"excerpt":{"rendered":"<p>Outro disco e banda para quem eu tiro o chap\u00e9u \u00e9 o Som Nosso. Tenho boas e loucas recorda\u00e7\u00f5es dessa que foi, para mim, a banda que fez o melhor disco de rock progressivo brasileiro (falo de Snegs). Depois, com &hellip; <a href=\"https:\/\/www.toque-musicall.com\/?p=1957\">Continue lendo <span class=\"meta-nav\">&rarr;<\/span><\/a><\/p>\n","protected":false},"author":1,"featured_media":0,"comment_status":"open","ping_status":"closed","sticky":false,"template":"","format":"standard","meta":{"footnotes":""},"categories":[178,550],"tags":[],"class_list":["post-1957","post","type-post","status-publish","format-standard","hentry","category-selo-cbs","category-som-nosso-de-cada-dia"],"_links":{"self":[{"href":"https:\/\/www.toque-musicall.com\/index.php?rest_route=\/wp\/v2\/posts\/1957","targetHints":{"allow":["GET"]}}],"collection":[{"href":"https:\/\/www.toque-musicall.com\/index.php?rest_route=\/wp\/v2\/posts"}],"about":[{"href":"https:\/\/www.toque-musicall.com\/index.php?rest_route=\/wp\/v2\/types\/post"}],"author":[{"embeddable":true,"href":"https:\/\/www.toque-musicall.com\/index.php?rest_route=\/wp\/v2\/users\/1"}],"replies":[{"embeddable":true,"href":"https:\/\/www.toque-musicall.com\/index.php?rest_route=%2Fwp%2Fv2%2Fcomments&post=1957"}],"version-history":[{"count":0,"href":"https:\/\/www.toque-musicall.com\/index.php?rest_route=\/wp\/v2\/posts\/1957\/revisions"}],"wp:attachment":[{"href":"https:\/\/www.toque-musicall.com\/index.php?rest_route=%2Fwp%2Fv2%2Fmedia&parent=1957"}],"wp:term":[{"taxonomy":"category","embeddable":true,"href":"https:\/\/www.toque-musicall.com\/index.php?rest_route=%2Fwp%2Fv2%2Fcategories&post=1957"},{"taxonomy":"post_tag","embeddable":true,"href":"https:\/\/www.toque-musicall.com\/index.php?rest_route=%2Fwp%2Fv2%2Ftags&post=1957"}],"curies":[{"name":"wp","href":"https:\/\/api.w.org\/{rel}","templated":true}]}}