{"id":196,"date":"2011-12-29T21:16:00","date_gmt":"2011-12-29T21:16:00","guid":{"rendered":"http:\/\/www.toque-musicall.com\/?p=196"},"modified":"2011-12-29T21:16:00","modified_gmt":"2011-12-29T21:16:00","slug":"billy-eckstine-momento-brasileiro-1979","status":"publish","type":"post","link":"https:\/\/www.toque-musicall.com\/?p=196","title":{"rendered":"Billy Eckstine &#8211; Momento Brasileiro (1979)"},"content":{"rendered":"<p><a href=\"http:\/\/1.bp.blogspot.com\/-H328piby6fg\/TvzkROceC9I\/AAAAAAAAAwY\/GKOel4cfr_8\/s1600\/billy+P.JPG\"><img decoding=\"async\" style=\"display:block; margin:0px auto 10px; text-align:center;cursor:pointer; cursor:hand;width: 400px; height: 400px;\" src=\"http:\/\/1.bp.blogspot.com\/-H328piby6fg\/TvzkROceC9I\/AAAAAAAAAwY\/GKOel4cfr_8\/s400\/billy+P.JPG\" border=\"0\" alt=\"\" id=\"BLOGGER_PHOTO_ID_5691675013675879378\" \/><\/a><\/p>\n<div>Boa noite, amigos cultos e ocultos! Acabei por n\u00e3o postar mais um disco do Anisio Silva. Eu havia (quase) prometido mais um para hoje, com capa do C\u00e9sar Villela, mas n\u00e3o rolou porque o disco que eu queria postar, embora tivesse todo o jeit\u00e3o do &#8216;lay-out&#8217; do C\u00e9sar, n\u00e3o era da fase Odeon e como n\u00e3o havia cr\u00e9ditos para esse disco, achei melhor deix\u00e1-lo para o ano que vem (t\u00e1 logo ali&#8230;). Por consequ\u00eancia, decidi mudar o foco. Teremos hoje um artista internacional, Billy Eckstine.<\/div>\n<div>Para os que n\u00e3o conhecem, Billy Eckstine foi um cantor, trompetista e &#8216;bandleader&#8217; americano. Seu auge foi na \u00e9poca das &#8216;big bands&#8217;. Tocou com as mais diversas feras do jazz. Por sua orquestra passaram grandes nomes como Miles Davis, Dizzy Gillespie, Charlie Parker e Art Blakey. Passada a fase das &#8216;big bands&#8217;, Billy se dedicou exclusivamente \u00e0 carreira de cantor. Tornou-se um cantor rom\u00e2ntico, um tanto comercial, diga-se de passagem, mas sempre encantando com sua voz de assombra\u00e7\u00e3o (no bom sentido, claro!) Uma assombra\u00e7\u00e3o afinad\u00edssima! hehehe&#8230; <\/div>\n<div>Em 1979, Aloysio de Oliveira, convida Billy, seu velho conhecido, para gravar alguns temas famosos da m\u00fasica brasileira. Claro que a coisa aqui rola em torno da Bossa Nova, principalmente porque al\u00e9m do produtor, o arranjador e regente era Oscar Castro Neves. Este disco foi gravado na California (EUA), em janeiro de 1979 e contou com uma equipe muito boa de m\u00fasicos, quase todos americanos. Como j\u00e1 foi observado por tantos, os arranjos de Oscar Castro Neves deram o tempero certo para a interpreta\u00e7\u00e3o de magistral Billy. &#8220;Cidade maravilhosa&#8221; ficou ainda mais maravilhosa e quase irreconhec\u00edvel, vestida de jazz. Em abril do mesmo ano, Aloysio trouxe os &#8216;masters&#8217; para o Brasil, finalizando as mixagens com a inclus\u00e3o de uma orquestra de cordas, gravando no Studio Sigla, Rio de Janeiro. Ficou, realmente, um trabalho exemplar. Um disco super gostoso de ouvir, principalmente numa festa de fim de ano \ud83d\ude09<\/div>\n<div>Uma curiosidade&#8230; as capas sempre me chamam muito a aten\u00e7\u00e3o. Esta ent\u00e3o nem se fala&#8230; Se tamparem com o dedo a \u00e1rea do bigode do &#8216;homi&#8217;, fica parecendo uma senhora, principalmente tendo ainda o colarzinho de p\u00e9rolas, quase gargantilha, que ele leva no pesco\u00e7o. Ah, esses americanos e suas bizarrices&#8230; S\u00f3 para finalizar, observem que h\u00e1 tamb\u00e9m um outro colar, certamente de ouro, trazendo como pingente uma l\u00e2mina de fazer barba, tipo Gillette. Hum&#8230;, sei n\u00e3o&#8230; Esses americanos&#8230; hehehe&#8230;<\/div>\n<div><\/div>\n<div style=\"text-align: center;\">cidade maravilhosa<\/div>\n<div style=\"text-align: center;\">i apologize<\/div>\n<div style=\"text-align: center;\">quiet nights (corcovado)<\/div>\n<div style=\"text-align: center;\">where or when<\/div>\n<div style=\"text-align: center;\">dindi<\/div>\n<div style=\"text-align: center;\">dora<\/div>\n<div style=\"text-align: center;\">dreamer (vivo sonhando)<\/div>\n<div style=\"text-align: center;\">you and i (voce e eu)<\/div>\n<div style=\"text-align: center;\">how insensitive (insensatez)<\/div>\n<div style=\"text-align: center;\"><\/div>\n<div><\/div>\n","protected":false},"excerpt":{"rendered":"<p>Boa noite, amigos cultos e ocultos! Acabei por n\u00e3o postar mais um disco do Anisio Silva. Eu havia (quase) prometido mais um para hoje, com capa do C\u00e9sar Villela, mas n\u00e3o rolou porque o disco que eu queria postar, embora &hellip; <a href=\"https:\/\/www.toque-musicall.com\/?p=196\">Continue lendo <span class=\"meta-nav\">&rarr;<\/span><\/a><\/p>\n","protected":false},"author":1,"featured_media":0,"comment_status":"open","ping_status":"closed","sticky":false,"template":"","format":"standard","meta":{"footnotes":""},"categories":[362,360,361,66],"tags":[],"class_list":["post-196","post","type-post","status-publish","format-standard","hentry","category-aloysio-de-olivera","category-billy-eckstine","category-oscar-castro-neves","category-selo-som-livre"],"_links":{"self":[{"href":"https:\/\/www.toque-musicall.com\/index.php?rest_route=\/wp\/v2\/posts\/196","targetHints":{"allow":["GET"]}}],"collection":[{"href":"https:\/\/www.toque-musicall.com\/index.php?rest_route=\/wp\/v2\/posts"}],"about":[{"href":"https:\/\/www.toque-musicall.com\/index.php?rest_route=\/wp\/v2\/types\/post"}],"author":[{"embeddable":true,"href":"https:\/\/www.toque-musicall.com\/index.php?rest_route=\/wp\/v2\/users\/1"}],"replies":[{"embeddable":true,"href":"https:\/\/www.toque-musicall.com\/index.php?rest_route=%2Fwp%2Fv2%2Fcomments&post=196"}],"version-history":[{"count":0,"href":"https:\/\/www.toque-musicall.com\/index.php?rest_route=\/wp\/v2\/posts\/196\/revisions"}],"wp:attachment":[{"href":"https:\/\/www.toque-musicall.com\/index.php?rest_route=%2Fwp%2Fv2%2Fmedia&parent=196"}],"wp:term":[{"taxonomy":"category","embeddable":true,"href":"https:\/\/www.toque-musicall.com\/index.php?rest_route=%2Fwp%2Fv2%2Fcategories&post=196"},{"taxonomy":"post_tag","embeddable":true,"href":"https:\/\/www.toque-musicall.com\/index.php?rest_route=%2Fwp%2Fv2%2Ftags&post=196"}],"curies":[{"name":"wp","href":"https:\/\/api.w.org\/{rel}","templated":true}]}}