{"id":1961,"date":"2007-10-28T14:03:00","date_gmt":"2007-10-28T14:03:00","guid":{"rendered":"http:\/\/www.toque-musicall.com\/?p=1961"},"modified":"2007-10-28T14:03:00","modified_gmt":"2007-10-28T14:03:00","slug":"elis-regina-elis-1977","status":"publish","type":"post","link":"https:\/\/www.toque-musicall.com\/?p=1961","title":{"rendered":"Elis Regina &#8211; Elis (1977)"},"content":{"rendered":"<p><a href=\"http:\/\/1.bp.blogspot.com\/_DSKVEvHtskc\/RyS-XAN6mYI\/AAAAAAAAAps\/4bUpC5oLzf4\/s1600-h\/Elis+Regina.JPG\"><img decoding=\"async\" id=\"BLOGGER_PHOTO_ID_5126431578259102082\" style=\"DISPLAY: block; MARGIN: 0px auto 10px; CURSOR: hand; TEXT-ALIGN: center\" alt=\"\" src=\"http:\/\/1.bp.blogspot.com\/_DSKVEvHtskc\/RyS-XAN6mYI\/AAAAAAAAAps\/4bUpC5oLzf4\/s400\/Elis+Regina.JPG\" border=\"0\" \/><\/a>Esta dispensa coment\u00e1rios. Falar de Elis Regina, como sempre digo, \u00e9 chover no molhado. N\u00e3o h\u00e1 o que dizer que ainda n\u00e3o tenha sido dito. Melhor resumir tudo em uma s\u00f3 palavra: Maravilhosa. Os anos 70 foi uma d\u00e9cada muito rica na produ\u00e7\u00e3o musical brasileira, em especial o ano de 1977, muita coisa boa nasceu nesse ano. Eu sou meio suspeito para falar de Elis, mas na minha modesta opini\u00e3o, este dico \u00e9 insuper\u00e1vel. \u00c9 com certeza o disco que mais aprecio, com dez m\u00fasicas escolhidas a dedo. Um trabalho encantador com arranjos beliss\u00edmos de Cesar Camargo Mariano no alge da genialidade. Tudo isso sem falar nos m\u00fasicos participantes e convidados (veja na ficha t\u00e9cnica inclu\u00edda). Uma j\u00f3ia imperd\u00edvel!<\/p>\n<div align=\"center\">1. Caxang\u00e1 (Milton Nascimento &#8211; Fernando Brant)<\/div>\n<div align=\"center\">2. Colagem (Cl\u00e1udio Lucci)<\/div>\n<div align=\"center\">3. Vecchio novo (Jos\u00e9 M\u00e1rcio Pereira &#8211; Cl\u00e1udio Lucci)<\/div>\n<div align=\"center\">4. Morro velho (Milton Nascimento)<\/div>\n<div align=\"center\">5. Qualquer dia (Vitor Martins &#8211; Ivan Lins)<\/div>\n<div align=\"center\">6. Romaria (Renato Teixeira)<\/div>\n<div align=\"center\">7. A dama do apocalipse (Crispin &#8211; Nathan Marques)<\/div>\n<div align=\"center\">8. Cartomante (Vitor Martins &#8211; Ivan Lins)<\/div>\n<div align=\"center\">9. Sentimental eu fico (Renato Teixeira)<\/div>\n<div align=\"center\">10. Transversal do tempo (Aldir Blanc &#8211; Jo\u00e3o Bosco)<\/div>\n<div align=\"center\"><\/div>\n<div align=\"center\"><\/div>\n<div align=\"center\"><\/div>\n","protected":false},"excerpt":{"rendered":"<p>Esta dispensa coment\u00e1rios. Falar de Elis Regina, como sempre digo, \u00e9 chover no molhado. N\u00e3o h\u00e1 o que dizer que ainda n\u00e3o tenha sido dito. Melhor resumir tudo em uma s\u00f3 palavra: Maravilhosa. Os anos 70 foi uma d\u00e9cada muito &hellip; <a href=\"https:\/\/www.toque-musicall.com\/?p=1961\">Continue lendo <span class=\"meta-nav\">&rarr;<\/span><\/a><\/p>\n","protected":false},"author":1,"featured_media":0,"comment_status":"open","ping_status":"closed","sticky":false,"template":"","format":"standard","meta":{"footnotes":""},"categories":[52],"tags":[],"class_list":["post-1961","post","type-post","status-publish","format-standard","hentry","category-elis-regina"],"_links":{"self":[{"href":"https:\/\/www.toque-musicall.com\/index.php?rest_route=\/wp\/v2\/posts\/1961","targetHints":{"allow":["GET"]}}],"collection":[{"href":"https:\/\/www.toque-musicall.com\/index.php?rest_route=\/wp\/v2\/posts"}],"about":[{"href":"https:\/\/www.toque-musicall.com\/index.php?rest_route=\/wp\/v2\/types\/post"}],"author":[{"embeddable":true,"href":"https:\/\/www.toque-musicall.com\/index.php?rest_route=\/wp\/v2\/users\/1"}],"replies":[{"embeddable":true,"href":"https:\/\/www.toque-musicall.com\/index.php?rest_route=%2Fwp%2Fv2%2Fcomments&post=1961"}],"version-history":[{"count":0,"href":"https:\/\/www.toque-musicall.com\/index.php?rest_route=\/wp\/v2\/posts\/1961\/revisions"}],"wp:attachment":[{"href":"https:\/\/www.toque-musicall.com\/index.php?rest_route=%2Fwp%2Fv2%2Fmedia&parent=1961"}],"wp:term":[{"taxonomy":"category","embeddable":true,"href":"https:\/\/www.toque-musicall.com\/index.php?rest_route=%2Fwp%2Fv2%2Fcategories&post=1961"},{"taxonomy":"post_tag","embeddable":true,"href":"https:\/\/www.toque-musicall.com\/index.php?rest_route=%2Fwp%2Fv2%2Ftags&post=1961"}],"curies":[{"name":"wp","href":"https:\/\/api.w.org\/{rel}","templated":true}]}}