{"id":1968,"date":"2007-10-22T17:54:00","date_gmt":"2007-10-22T17:54:00","guid":{"rendered":"http:\/\/www.toque-musicall.com\/?p=1968"},"modified":"2007-10-22T17:54:00","modified_gmt":"2007-10-22T17:54:00","slug":"musica-popular-do-norte-de-minas-grupo-de-serestas-joao-chaves-de-montes-claros-1976","status":"publish","type":"post","link":"https:\/\/www.toque-musicall.com\/?p=1968","title":{"rendered":"M\u00fasica Popular Do Norte De Minas &#8211; Grupo De Serestas Jo\u00e3o Chaves De Montes Claros (1976)"},"content":{"rendered":"<p><a href=\"http:\/\/2.bp.blogspot.com\/_DSKVEvHtskc\/RyFEiAN6mPI\/AAAAAAAAAok\/DPPQFYullEc\/s1600-h\/Capa+p.JPG\"><img decoding=\"async\" id=\"BLOGGER_PHOTO_ID_5125453201888942322\" style=\"DISPLAY: block; MARGIN: 0px auto 10px; CURSOR: hand; TEXT-ALIGN: center\" alt=\"\" src=\"http:\/\/2.bp.blogspot.com\/_DSKVEvHtskc\/RyFEiAN6mPI\/AAAAAAAAAok\/DPPQFYullEc\/s400\/Capa+p.JPG\" border=\"0\" \/><\/a>Mais uma boa contribui\u00e7\u00e3o, acompanhada de link e tudo mais. Um disco muito bacana que s\u00f3 podia mesmo vir do selo Marcus Pereira. Este \u00e1lbum traz o registro de um dos grupos regionais de serestas mais tradicional no norte de Minas. O Grupo de Serestas &#8220;Jo\u00e3o Chaves&#8221;foi criado e inicialmente dirigido por Hermes de Paula, historiador e pesquisador que muito lutou para a preserva\u00e7\u00e3o cultural da regi\u00e3o do norte de Minas Gerais. Para quem gosta de m\u00fasica regional e conhece o cat\u00e1logo da gravadora Discos Marcus Pereira, esta \u00e9 mais uma j\u00f3ia. Vale conferir esse toque especial.<\/p>\n<div align=\"center\">1 &#8211; Fazendeiro Rico<\/div>\n<div align=\"center\">2 &#8211; Cad\u00ea Papai<\/div>\n<div align=\"center\">3 &#8211; ABC do ABC<\/div>\n<div align=\"center\">4 &#8211; Casa Santa (c\u00e1lix bento)<\/div>\n<div align=\"center\">5 &#8211; Canto de Folia<\/div>\n<div align=\"center\">6 &#8211; Aboio<\/div>\n<div align=\"center\">7 &#8211; Rosa Branca<\/div>\n<div align=\"center\">8 &#8211; Na Lagoa Que Tem L\u00e9u<\/div>\n<div align=\"center\">9 &#8211; Barca Nova<\/div>\n<div align=\"center\">10 &#8211; Antoninho e o Pav\u00e3o do Mestre<\/div>\n<div align=\"center\">11 &#8211; A Velha<\/div>\n<div align=\"center\">12 &#8211; Aquarela Sertaneja<\/div>\n<div align=\"center\"><\/div>\n<div align=\"center\"><\/div>\n","protected":false},"excerpt":{"rendered":"<p>Mais uma boa contribui\u00e7\u00e3o, acompanhada de link e tudo mais. Um disco muito bacana que s\u00f3 podia mesmo vir do selo Marcus Pereira. Este \u00e1lbum traz o registro de um dos grupos regionais de serestas mais tradicional no norte de &hellip; <a href=\"https:\/\/www.toque-musicall.com\/?p=1968\">Continue lendo <span class=\"meta-nav\">&rarr;<\/span><\/a><\/p>\n","protected":false},"author":1,"featured_media":0,"comment_status":"open","ping_status":"closed","sticky":false,"template":"","format":"standard","meta":{"footnotes":""},"categories":[1868],"tags":[],"class_list":["post-1968","post","type-post","status-publish","format-standard","hentry","category-grupo-de-serestas-joao-chaves-de-montes-claros"],"_links":{"self":[{"href":"https:\/\/www.toque-musicall.com\/index.php?rest_route=\/wp\/v2\/posts\/1968","targetHints":{"allow":["GET"]}}],"collection":[{"href":"https:\/\/www.toque-musicall.com\/index.php?rest_route=\/wp\/v2\/posts"}],"about":[{"href":"https:\/\/www.toque-musicall.com\/index.php?rest_route=\/wp\/v2\/types\/post"}],"author":[{"embeddable":true,"href":"https:\/\/www.toque-musicall.com\/index.php?rest_route=\/wp\/v2\/users\/1"}],"replies":[{"embeddable":true,"href":"https:\/\/www.toque-musicall.com\/index.php?rest_route=%2Fwp%2Fv2%2Fcomments&post=1968"}],"version-history":[{"count":0,"href":"https:\/\/www.toque-musicall.com\/index.php?rest_route=\/wp\/v2\/posts\/1968\/revisions"}],"wp:attachment":[{"href":"https:\/\/www.toque-musicall.com\/index.php?rest_route=%2Fwp%2Fv2%2Fmedia&parent=1968"}],"wp:term":[{"taxonomy":"category","embeddable":true,"href":"https:\/\/www.toque-musicall.com\/index.php?rest_route=%2Fwp%2Fv2%2Fcategories&post=1968"},{"taxonomy":"post_tag","embeddable":true,"href":"https:\/\/www.toque-musicall.com\/index.php?rest_route=%2Fwp%2Fv2%2Ftags&post=1968"}],"curies":[{"name":"wp","href":"https:\/\/api.w.org\/{rel}","templated":true}]}}