{"id":197,"date":"2011-12-28T12:29:00","date_gmt":"2011-12-28T12:29:00","guid":{"rendered":"http:\/\/www.toque-musicall.com\/?p=197"},"modified":"2011-12-28T12:29:00","modified_gmt":"2011-12-28T12:29:00","slug":"anisio-silva-canta-para-voce-1959","status":"publish","type":"post","link":"https:\/\/www.toque-musicall.com\/?p=197","title":{"rendered":"Anisio Silva &#8211; Canta Para Voc\u00ea (1959)"},"content":{"rendered":"<p><a href=\"http:\/\/2.bp.blogspot.com\/-qYGzxKry6sU\/TvsnDXi7WnI\/AAAAAAAAAwM\/8RiHa-YqtnU\/s1600\/anisio+P.JPG\"><img decoding=\"async\" style=\"display:block; margin:0px auto 10px; text-align:center;cursor:pointer; cursor:hand;width: 396px; height: 400px;\" src=\"http:\/\/2.bp.blogspot.com\/-qYGzxKry6sU\/TvsnDXi7WnI\/AAAAAAAAAwM\/8RiHa-YqtnU\/s400\/anisio+P.JPG\" border=\"0\" alt=\"\" id=\"BLOGGER_PHOTO_ID_5691185492926356082\" \/><\/a>Bom dia, amigos cultos e ocultos! Felizmente, nesta \u00faltima semana do ano, eu estou de folga, gra\u00e7as \u00e0 Deus! Quero aproveitar o momento para colocar a &#8216;casa&#8217; em dia, atender \u00e0s pend\u00eancias e preparar tudo para 2012. Continuaremos firme, enquanto pudermos resistir!<\/p>\n<div>Hoje e mais uma vez eu quero trazer aqui outro disco do Anisio Silva, com capa assinada pelo C\u00e9sar Villela. Ta\u00ed um disco que venderia s\u00f3 pela capa, um estilo inconfund\u00edvel que fez do Villela o melhor artista de capas do Brasil (pelo menos, eu acho).<\/div>\n<div>Uma curiosidade que me chamou a aten\u00e7\u00e3o foi perceber o quanto o Anisio Silva, nessa \u00e9poca e neste disco se parece com o guitarrista e compositor mineiro Affonsinho (tocou no Hanoi Hanoi). Reparem bem, tirando o bigodinho \u00e9 uma a cara do outro, hehehe&#8230; <\/div>\n<div>Agora, falando do disco, temos aqui o baiano em um dos seus melhores trabalhos pela Odeon. desta vez acompanhado pelas orquestras dos maestros Astor, Gaya e Arcy Barbosa. Disco lan\u00e7ado em 1959, traz as tradicionais doze faixas, onde predominam os boleros, alguns inclusive, de sua pr\u00f3pria autoria, como o sucesso &#8220;Onde est\u00e1s agora&#8221;. N\u00e3o deixem de conferir! <\/div>\n<div>Se mais tarde eu ainda estiver animado, darei outro toque com An\u00edsio Silva (e C\u00e9sar Villela, claro!).<\/div>\n<div><\/div>\n<div style=\"text-align: center;\">pressentimento<\/div>\n<div style=\"text-align: center;\">desilus\u00e3o<\/div>\n<div style=\"text-align: center;\">onde est\u00e1s agora<\/div>\n<div style=\"text-align: center;\">destino<\/div>\n<div style=\"text-align: center;\">desencanto<\/div>\n<div style=\"text-align: center;\">incompreendida<\/div>\n<div style=\"text-align: center;\">quero beijar-te as m\u00e3os<\/div>\n<div style=\"text-align: center;\">vai<\/div>\n<div style=\"text-align: center;\">palavras cru\u00e9is<\/div>\n<div style=\"text-align: center;\">devolva-me<\/div>\n<div style=\"text-align: center;\">tu, somente tu<\/div>\n<div style=\"text-align: center;\">n\u00e3o digo o nome<\/div>\n<div style=\"text-align: center;\"><\/div>\n<div style=\"text-align: center;\"><\/div>\n","protected":false},"excerpt":{"rendered":"<p>Bom dia, amigos cultos e ocultos! Felizmente, nesta \u00faltima semana do ano, eu estou de folga, gra\u00e7as \u00e0 Deus! Quero aproveitar o momento para colocar a &#8216;casa&#8217; em dia, atender \u00e0s pend\u00eancias e preparar tudo para 2012. Continuaremos firme, enquanto &hellip; <a href=\"https:\/\/www.toque-musicall.com\/?p=197\">Continue lendo <span class=\"meta-nav\">&rarr;<\/span><\/a><\/p>\n","protected":false},"author":1,"featured_media":0,"comment_status":"open","ping_status":"closed","sticky":false,"template":"","format":"standard","meta":{"footnotes":""},"categories":[363,86],"tags":[],"class_list":["post-197","post","type-post","status-publish","format-standard","hentry","category-anisio-silva","category-selo-odeon"],"_links":{"self":[{"href":"https:\/\/www.toque-musicall.com\/index.php?rest_route=\/wp\/v2\/posts\/197","targetHints":{"allow":["GET"]}}],"collection":[{"href":"https:\/\/www.toque-musicall.com\/index.php?rest_route=\/wp\/v2\/posts"}],"about":[{"href":"https:\/\/www.toque-musicall.com\/index.php?rest_route=\/wp\/v2\/types\/post"}],"author":[{"embeddable":true,"href":"https:\/\/www.toque-musicall.com\/index.php?rest_route=\/wp\/v2\/users\/1"}],"replies":[{"embeddable":true,"href":"https:\/\/www.toque-musicall.com\/index.php?rest_route=%2Fwp%2Fv2%2Fcomments&post=197"}],"version-history":[{"count":0,"href":"https:\/\/www.toque-musicall.com\/index.php?rest_route=\/wp\/v2\/posts\/197\/revisions"}],"wp:attachment":[{"href":"https:\/\/www.toque-musicall.com\/index.php?rest_route=%2Fwp%2Fv2%2Fmedia&parent=197"}],"wp:term":[{"taxonomy":"category","embeddable":true,"href":"https:\/\/www.toque-musicall.com\/index.php?rest_route=%2Fwp%2Fv2%2Fcategories&post=197"},{"taxonomy":"post_tag","embeddable":true,"href":"https:\/\/www.toque-musicall.com\/index.php?rest_route=%2Fwp%2Fv2%2Ftags&post=197"}],"curies":[{"name":"wp","href":"https:\/\/api.w.org\/{rel}","templated":true}]}}