{"id":1972,"date":"2007-10-21T18:52:00","date_gmt":"2007-10-21T18:52:00","guid":{"rendered":"http:\/\/www.toque-musicall.com\/?p=1972"},"modified":"2007-10-21T18:52:00","modified_gmt":"2007-10-21T18:52:00","slug":"wagner-tiso-os-passaros-1985","status":"publish","type":"post","link":"https:\/\/www.toque-musicall.com\/?p=1972","title":{"rendered":"Wagner Tiso &#8211; Os P\u00e1ssaros (1985)"},"content":{"rendered":"<p><a href=\"http:\/\/3.bp.blogspot.com\/_DSKVEvHtskc\/RxzISWpbIdI\/AAAAAAAAAn4\/86gBu9HVD0M\/s1600-h\/os+p%C3%83%C2%A1ssaros+capa.jpg\"><img decoding=\"async\" id=\"BLOGGER_PHOTO_ID_5124190693683306962\" style=\"DISPLAY: block; MARGIN: 0px auto 10px; CURSOR: hand; TEXT-ALIGN: center\" alt=\"\" src=\"http:\/\/3.bp.blogspot.com\/_DSKVEvHtskc\/RxzISWpbIdI\/AAAAAAAAAn4\/86gBu9HVD0M\/s400\/os+p%C3%A1ssaros+capa.jpg\" border=\"0\" \/><\/a> Aproveitando o embalo do Som Imagin\u00e1rio, achei que seria interessante postar um disco solo do Wagner Tiso. Figura importante na turma do &#8220;Clube da Esquina&#8221;, cresceu junto com o Milton Nascimento em Tr\u00eas Pontas, MG. O cara \u00e9 um dos melhores instrumentistas brasileiros &#8211; maestro, compositor e arranjador. M\u00fasico nato que come\u00e7ou tocando piano aos 5 anos de idade. Iniciou sua carreira muito jovem, integrando com Milton Nascimento o conjunto &#8220;Luar de Prata&#8221;, que tocava m\u00fasicas ao estilo do grupo norte-americano &#8220;The Platters&#8221; e apresentava-se na Radio Clube de Tr\u00eas Pontas. Com tanto talento, Wagner deslanchou, ganhou o Brasil e o mundo. Tocou em diversos grupos e com variados artistas e estilos. Um dos artistas\/m\u00fasico brasileiro mais respeitado e requisitado da atualidade.<br \/>Como podemos observar, Milton Nascimento \u00e9 uma constante na vida musical de Wagner (e vice-versa). Aqui neste disco, onde impera maravilhosamente o instrumental, temos tamb\u00e9m a presen\u00e7a de Milton emprestando sua voz como um instrumento musical. Simplesmente lindo&#8230;<\/p>\n<div align=\"center\">01 Os p\u00e1ssaros (Milton Nascimento) <\/div>\n<div align=\"center\">02 A igreja majestosa (Wagner Tiso &#8211; Nivaldo Ornelas) <\/div>\n<div align=\"center\">03 Sete tempo (Wagner Tiso)<\/div>\n<div align=\"center\">04 Raps\u00f3dia trespontana (Wagner Tiso) <\/div>\n<div align=\"center\">05 Vinheta do medo (Wagner Tiso &#8211; Beto Guedes)<\/div>\n<div align=\"center\">06 Cello Caribe (Wagner Tiso)<\/div>\n<div align=\"center\">07 Os cafezais sem fim (Wagner Tiso) <\/div>\n<div align=\"center\">08 Assim seja (Milton Nascimento-Wagner Tiso-Fernando Brant)<\/div>\n<div align=\"center\">09 Trem mineiro (Wagner Tiso)<\/div>\n<div align=\"center\">10 Zagreb (Wagner Tiso) &#8211; 1978<\/div>\n<div align=\"center\"><\/div>\n<div align=\"center\"><\/div>\n","protected":false},"excerpt":{"rendered":"<p>Aproveitando o embalo do Som Imagin\u00e1rio, achei que seria interessante postar um disco solo do Wagner Tiso. Figura importante na turma do &#8220;Clube da Esquina&#8221;, cresceu junto com o Milton Nascimento em Tr\u00eas Pontas, MG. O cara \u00e9 um dos &hellip; <a href=\"https:\/\/www.toque-musicall.com\/?p=1972\">Continue lendo <span class=\"meta-nav\">&rarr;<\/span><\/a><\/p>\n","protected":false},"author":1,"featured_media":0,"comment_status":"open","ping_status":"closed","sticky":false,"template":"","format":"standard","meta":{"footnotes":""},"categories":[572],"tags":[],"class_list":["post-1972","post","type-post","status-publish","format-standard","hentry","category-wagner-tiso"],"_links":{"self":[{"href":"https:\/\/www.toque-musicall.com\/index.php?rest_route=\/wp\/v2\/posts\/1972","targetHints":{"allow":["GET"]}}],"collection":[{"href":"https:\/\/www.toque-musicall.com\/index.php?rest_route=\/wp\/v2\/posts"}],"about":[{"href":"https:\/\/www.toque-musicall.com\/index.php?rest_route=\/wp\/v2\/types\/post"}],"author":[{"embeddable":true,"href":"https:\/\/www.toque-musicall.com\/index.php?rest_route=\/wp\/v2\/users\/1"}],"replies":[{"embeddable":true,"href":"https:\/\/www.toque-musicall.com\/index.php?rest_route=%2Fwp%2Fv2%2Fcomments&post=1972"}],"version-history":[{"count":0,"href":"https:\/\/www.toque-musicall.com\/index.php?rest_route=\/wp\/v2\/posts\/1972\/revisions"}],"wp:attachment":[{"href":"https:\/\/www.toque-musicall.com\/index.php?rest_route=%2Fwp%2Fv2%2Fmedia&parent=1972"}],"wp:term":[{"taxonomy":"category","embeddable":true,"href":"https:\/\/www.toque-musicall.com\/index.php?rest_route=%2Fwp%2Fv2%2Fcategories&post=1972"},{"taxonomy":"post_tag","embeddable":true,"href":"https:\/\/www.toque-musicall.com\/index.php?rest_route=%2Fwp%2Fv2%2Ftags&post=1972"}],"curies":[{"name":"wp","href":"https:\/\/api.w.org\/{rel}","templated":true}]}}