{"id":1973,"date":"2007-10-21T18:02:00","date_gmt":"2007-10-21T18:02:00","guid":{"rendered":"http:\/\/www.toque-musicall.com\/?p=1973"},"modified":"2007-10-21T18:02:00","modified_gmt":"2007-10-21T18:02:00","slug":"som-imaginario-1970","status":"publish","type":"post","link":"https:\/\/www.toque-musicall.com\/?p=1973","title":{"rendered":"Som Imagin\u00e1rio (1970)"},"content":{"rendered":"<p><a href=\"http:\/\/1.bp.blogspot.com\/_DSKVEvHtskc\/RxuVJGpbIcI\/AAAAAAAAAnw\/duIILEbkjdM\/s1600-h\/som+imagin%C3%83%C2%A1rio.jpg\"><img decoding=\"async\" id=\"BLOGGER_PHOTO_ID_5123852984699789762\" style=\"DISPLAY: block; MARGIN: 0px auto 10px; CURSOR: hand; TEXT-ALIGN: center\" alt=\"\" src=\"http:\/\/1.bp.blogspot.com\/_DSKVEvHtskc\/RxuVJGpbIcI\/AAAAAAAAAnw\/duIILEbkjdM\/s400\/som+imagin%C3%A1rio.jpg\" border=\"0\" \/><\/a>J\u00e1 que falamos em Som Imagin\u00e1rio, achei por bem postar este memor\u00e1vel lp, o primeiro de um grupo que ao longo de sua exist\u00eancia, passou por v\u00e1rias forma\u00e7\u00f5es. O SI j\u00e1 foi rotulado de rock, mpb, jazz e progressivo. Acho que todos serviram de base para eles. Neste primeiro disco a banda era formada por <a href=\"http:\/\/toque-musical.blogspot.com\/search?q=Fredera\">Frederyko<\/a> (guitarra, vocais), <a href=\"http:\/\/toque-musical.blogspot.com\/2007\/10\/z-rodrix-agncia-de-mgicos-quem-sabe.html\">Z\u00e9 Rodrix<\/a> (vocais, \u00f3rg\u00e3o), Wagner Tiso (piano), Tavito (guitarra base, 12 cordas), Robertinho Silva (bateria), Luiz Alves (baixo) e ainda contam com as participa\u00e7\u00f5es n\u00e3o creditadas de Milton Nascimento (vocais) e Nan\u00e1 Vasconcelos (percuss\u00e3o). Este \u00e1lbum tamb\u00e9m teve (ou tem) uma outra capa que eu n\u00e3o sei ao certo qual veio primeiro. S\u00f3 sei que no meu a capa \u00e9 esta. Disco original de 1970.<\/p>\n<div align=\"center\">01- Morse<\/div>\n<div align=\"center\">02- Super<\/div>\n<div align=\"center\">03- Tema Dos Deuses<\/div>\n<div align=\"center\">04- Make Believe Watz<\/div>\n<div align=\"center\">05- Pantera<\/div>\n<div align=\"center\">06- S\u00e1bado<\/div>\n<div align=\"center\">07- Nepal<\/div>\n<div align=\"center\">08- Feira Moderna<\/div>\n<div align=\"center\">09- Hey Man<\/div>\n<div align=\"center\">10- Poison<\/div>\n<div align=\"center\"><\/div>\n<div align=\"center\"><\/div>\n","protected":false},"excerpt":{"rendered":"<p>J\u00e1 que falamos em Som Imagin\u00e1rio, achei por bem postar este memor\u00e1vel lp, o primeiro de um grupo que ao longo de sua exist\u00eancia, passou por v\u00e1rias forma\u00e7\u00f5es. O SI j\u00e1 foi rotulado de rock, mpb, jazz e progressivo. Acho &hellip; <a href=\"https:\/\/www.toque-musicall.com\/?p=1973\">Continue lendo <span class=\"meta-nav\">&rarr;<\/span><\/a><\/p>\n","protected":false},"author":1,"featured_media":0,"comment_status":"open","ping_status":"closed","sticky":false,"template":"","format":"standard","meta":{"footnotes":""},"categories":[1863],"tags":[],"class_list":["post-1973","post","type-post","status-publish","format-standard","hentry","category-som-imaginario"],"_links":{"self":[{"href":"https:\/\/www.toque-musicall.com\/index.php?rest_route=\/wp\/v2\/posts\/1973","targetHints":{"allow":["GET"]}}],"collection":[{"href":"https:\/\/www.toque-musicall.com\/index.php?rest_route=\/wp\/v2\/posts"}],"about":[{"href":"https:\/\/www.toque-musicall.com\/index.php?rest_route=\/wp\/v2\/types\/post"}],"author":[{"embeddable":true,"href":"https:\/\/www.toque-musicall.com\/index.php?rest_route=\/wp\/v2\/users\/1"}],"replies":[{"embeddable":true,"href":"https:\/\/www.toque-musicall.com\/index.php?rest_route=%2Fwp%2Fv2%2Fcomments&post=1973"}],"version-history":[{"count":0,"href":"https:\/\/www.toque-musicall.com\/index.php?rest_route=\/wp\/v2\/posts\/1973\/revisions"}],"wp:attachment":[{"href":"https:\/\/www.toque-musicall.com\/index.php?rest_route=%2Fwp%2Fv2%2Fmedia&parent=1973"}],"wp:term":[{"taxonomy":"category","embeddable":true,"href":"https:\/\/www.toque-musicall.com\/index.php?rest_route=%2Fwp%2Fv2%2Fcategories&post=1973"},{"taxonomy":"post_tag","embeddable":true,"href":"https:\/\/www.toque-musicall.com\/index.php?rest_route=%2Fwp%2Fv2%2Ftags&post=1973"}],"curies":[{"name":"wp","href":"https:\/\/api.w.org\/{rel}","templated":true}]}}