{"id":1974,"date":"2007-10-21T14:37:00","date_gmt":"2007-10-21T14:37:00","guid":{"rendered":"http:\/\/www.toque-musicall.com\/?p=1974"},"modified":"2007-10-21T14:37:00","modified_gmt":"2007-10-21T14:37:00","slug":"sueli-costa-1975","status":"publish","type":"post","link":"https:\/\/www.toque-musicall.com\/?p=1974","title":{"rendered":"Sueli Costa (1975)"},"content":{"rendered":"<p><a href=\"http:\/\/2.bp.blogspot.com\/_DSKVEvHtskc\/RxuICWpbIbI\/AAAAAAAAAno\/ylxG-jgktiI\/s1600-h\/sueli+1975.jpg\"><img decoding=\"async\" id=\"BLOGGER_PHOTO_ID_5123838575084511666\" style=\"DISPLAY: block; MARGIN: 0px auto 10px; CURSOR: hand; TEXT-ALIGN: center\" alt=\"\" src=\"http:\/\/2.bp.blogspot.com\/_DSKVEvHtskc\/RxuICWpbIbI\/AAAAAAAAAno\/ylxG-jgktiI\/s400\/sueli+1975.jpg\" border=\"0\" \/><\/a>Como havia prometido, segue agora mais um disco da Sueli Costa. Eu fiz uma confus\u00e3o danada com esses dois \u00e1lbuns. Troquei as bolas, porque os dois foram lan\u00e7ados em dobradinha num \u00fanico cd \u00e0 uns 10 anos atr\u00e1s. Mas agora est\u00e1 tudo certo, quem checar ver\u00e1.<br \/>Vamos com o primeiro disco desta grande compositora. Gravado em 75, foi um disco onde ela pr\u00f3pria afirma que se tratava apenas de um registro de suas obras. Mas mesmo n\u00e3o sendo uma cantora, Sueli consegue transmitir seus sentimentos de maneira bem agrad\u00e1vel. Eu, pessoalmente, gosto muito do timbre de sua voz. Acho mesmo que combina com aquilo que ela canta. Por outro lado, v\u00ea-se tamb\u00e9m outros pontos interessantes neste disco. Os arranjos, todos feitos por Wagner Tiso e Paulo Moura e a participa\u00e7\u00e3o do Som Imagin\u00e1rio. Grande estr\u00e9ia! Toque este toque.<\/p>\n<div align=\"center\">RETRATO (Sueli Costa-Cec\u00edlia Meireles)<br \/>DENTRO DE MIM MORA UM ANJO Sueli Costa-Cacaso)<br \/>ENCOURA\u00c7ADO (Sueli Costa-Tite de Lemos)<br \/>DEMON\u00cdACA (Sueli Costa-Vitor Martins)<br \/>ALDEBAR\u00c3 (Sueli Costa-Tite de Lemos)<br \/>CORA\u00c7\u00c3O ATEU (Sueli Costa)<br \/>NOTURNO N.\u00ba O (Sueli Costa-Tite de Lemos)<br \/>POEIRA E SOLID\u00c3O (Sueli Costa)<br \/>NUNCA (Lupic\u00ednio Rodrigues)<br \/>VAMOS DAN\u00c7AR (Sueli Costa-Jo\u00e3o Medeiros) <\/div>\n<div align=\"center\"><\/div>\n<div align=\"center\"><\/div>\n","protected":false},"excerpt":{"rendered":"<p>Como havia prometido, segue agora mais um disco da Sueli Costa. Eu fiz uma confus\u00e3o danada com esses dois \u00e1lbuns. Troquei as bolas, porque os dois foram lan\u00e7ados em dobradinha num \u00fanico cd \u00e0 uns 10 anos atr\u00e1s. Mas agora &hellip; <a href=\"https:\/\/www.toque-musicall.com\/?p=1974\">Continue lendo <span class=\"meta-nav\">&rarr;<\/span><\/a><\/p>\n","protected":false},"author":1,"featured_media":0,"comment_status":"open","ping_status":"closed","sticky":false,"template":"","format":"standard","meta":{"footnotes":""},"categories":[899],"tags":[],"class_list":["post-1974","post","type-post","status-publish","format-standard","hentry","category-sueli-costa"],"_links":{"self":[{"href":"https:\/\/www.toque-musicall.com\/index.php?rest_route=\/wp\/v2\/posts\/1974","targetHints":{"allow":["GET"]}}],"collection":[{"href":"https:\/\/www.toque-musicall.com\/index.php?rest_route=\/wp\/v2\/posts"}],"about":[{"href":"https:\/\/www.toque-musicall.com\/index.php?rest_route=\/wp\/v2\/types\/post"}],"author":[{"embeddable":true,"href":"https:\/\/www.toque-musicall.com\/index.php?rest_route=\/wp\/v2\/users\/1"}],"replies":[{"embeddable":true,"href":"https:\/\/www.toque-musicall.com\/index.php?rest_route=%2Fwp%2Fv2%2Fcomments&post=1974"}],"version-history":[{"count":0,"href":"https:\/\/www.toque-musicall.com\/index.php?rest_route=\/wp\/v2\/posts\/1974\/revisions"}],"wp:attachment":[{"href":"https:\/\/www.toque-musicall.com\/index.php?rest_route=%2Fwp%2Fv2%2Fmedia&parent=1974"}],"wp:term":[{"taxonomy":"category","embeddable":true,"href":"https:\/\/www.toque-musicall.com\/index.php?rest_route=%2Fwp%2Fv2%2Fcategories&post=1974"},{"taxonomy":"post_tag","embeddable":true,"href":"https:\/\/www.toque-musicall.com\/index.php?rest_route=%2Fwp%2Fv2%2Ftags&post=1974"}],"curies":[{"name":"wp","href":"https:\/\/api.w.org\/{rel}","templated":true}]}}