{"id":1975,"date":"2007-10-21T14:07:00","date_gmt":"2007-10-21T14:07:00","guid":{"rendered":"http:\/\/www.toque-musicall.com\/?p=1975"},"modified":"2007-10-21T14:07:00","modified_gmt":"2007-10-21T14:07:00","slug":"edy-star-sweet-edy-1974","status":"publish","type":"post","link":"https:\/\/www.toque-musicall.com\/?p=1975","title":{"rendered":"Edy Star &#8211; Sweet Edy (1974)"},"content":{"rendered":"<p><a href=\"http:\/\/4.bp.blogspot.com\/_DSKVEvHtskc\/RxtiJ2pbIXI\/AAAAAAAAAnU\/rHkumXiiJlM\/s1600-h\/Edy+Star+-+Sweet+Edy+(Som+Livre+1974).jpg\"><img decoding=\"async\" id=\"BLOGGER_PHOTO_ID_5123796922491674994\" style=\"DISPLAY: block; MARGIN: 0px auto 10px; CURSOR: hand; TEXT-ALIGN: center\" alt=\"\" src=\"http:\/\/4.bp.blogspot.com\/_DSKVEvHtskc\/RxtiJ2pbIXI\/AAAAAAAAAnU\/rHkumXiiJlM\/s400\/Edy+Star+-+Sweet+Edy+(Som+Livre+1974).jpg\" border=\"0\" \/><\/a>Esquecido atr\u00e1s da estante, no fundo do ba\u00fa ou de algum gaveta \u2013 reaparece novamente este disquinho curioso e \u00fanico de um artista que muitos juravam estar morto, o Edy Star. Ali\u00e1s, existem muitas lendas sobre o cara, que foi um dos primeiros andr\u00f3genos da m\u00eddia e o mais famoso transformista do rock brasileiro. Edy foi tamb\u00e9m um dos integrantes da incompreendida \u201cSociedade Gr\u00e3-Kavernista\u201d &#8211; uma proposta de \u00f3pera rock idealizada por Raul Seixas em 1971. Lembram desse disco? Formados por Raul Seixas, Edy Star, Sergio Sampaio e Mirian Batucada. Edy Star ou simplesmente \u201cBof\u00e9lia\u201d, como era chamado por Raul, \u00e9 o \u00faltimo sobrevivente dessa gang.<br \/>\u201cSweet Edy\u201d foi seu \u00fanico disco e na \u00e9poca chegou a escandalizar alguns puristas de plant\u00e3o. Mas endossado pela TV Globo no programa Fant\u00e1stico e tamb\u00e9m em mat\u00e9rias de jornais e revistas, acabou sendo aceito e liberado pelos censores. Acho que sua carreira \u2018fonogr\u00e1fica\u2019 n\u00e3o foi adiante por quest\u00f5es de puro preconceito. Pelo fato do cara ser um gay assumid\u00edssimo, num pa\u00eds careta onde imperava o poder dos militares.<br \/>Neste exato momento, acabo de descobri o paradeiro do <a href=\"http:\/\/staredy.blogspot.com\/\">Edy<\/a> aqui no mundo virtual. Ele tem um <a href=\"http:\/\/staredy.blogspot.com\/\">blog<\/a>, muito bacana onde conta suas aventuras. Vale conferir, pois ali est\u00e1 tamb\u00e9m um pouco da hist\u00f3ria da m\u00fasica e dos espet\u00e1culos. Uma boa fonte de pesquisa, contada na primeira pessoa.<\/p>\n<div align=\"center\"> 01 &#8211; Claustrofobia<\/div>\n<div align=\"center\">02 &#8211; Edyth Cooper<\/div>\n<div align=\"center\">03 &#8211; Conte\u00fado<\/div>\n<div align=\"center\">04 &#8211; Superestrela<\/div>\n<div align=\"center\">05 &#8211; Esses Mo\u00e7os<\/div>\n<div align=\"center\">06 &#8211; Boogie Woogie do Rato<\/div>\n<div align=\"center\">07 &#8211; Sweet Edy<\/div>\n<div align=\"center\">08 &#8211; Briguei com Ela<\/div>\n<div align=\"center\">09 &#8211; Olhos de Raposa<\/div>\n<div align=\"center\">10 &#8211; Cora\u00e7\u00e3o Embalsamado<\/div>\n<div align=\"center\">11 &#8211; Pro Que Der na Telha<\/div>\n<div align=\"center\">12 &#8211; Bem Entendido<\/div>\n<div align=\"center\">13 &#8211; Eu Sou Edy Star<\/div>\n<div align=\"center\">14 &#8211; A Bem da Verdade (Bonus)<\/div>\n<div align=\"center\"><\/div>\n<div align=\"center\"><\/div>\n","protected":false},"excerpt":{"rendered":"<p>Esquecido atr\u00e1s da estante, no fundo do ba\u00fa ou de algum gaveta \u2013 reaparece novamente este disquinho curioso e \u00fanico de um artista que muitos juravam estar morto, o Edy Star. Ali\u00e1s, existem muitas lendas sobre o cara, que foi &hellip; <a href=\"https:\/\/www.toque-musicall.com\/?p=1975\">Continue lendo <span class=\"meta-nav\">&rarr;<\/span><\/a><\/p>\n","protected":false},"author":1,"featured_media":0,"comment_status":"open","ping_status":"closed","sticky":false,"template":"","format":"standard","meta":{"footnotes":""},"categories":[1871],"tags":[],"class_list":["post-1975","post","type-post","status-publish","format-standard","hentry","category-edy-star"],"_links":{"self":[{"href":"https:\/\/www.toque-musicall.com\/index.php?rest_route=\/wp\/v2\/posts\/1975","targetHints":{"allow":["GET"]}}],"collection":[{"href":"https:\/\/www.toque-musicall.com\/index.php?rest_route=\/wp\/v2\/posts"}],"about":[{"href":"https:\/\/www.toque-musicall.com\/index.php?rest_route=\/wp\/v2\/types\/post"}],"author":[{"embeddable":true,"href":"https:\/\/www.toque-musicall.com\/index.php?rest_route=\/wp\/v2\/users\/1"}],"replies":[{"embeddable":true,"href":"https:\/\/www.toque-musicall.com\/index.php?rest_route=%2Fwp%2Fv2%2Fcomments&post=1975"}],"version-history":[{"count":0,"href":"https:\/\/www.toque-musicall.com\/index.php?rest_route=\/wp\/v2\/posts\/1975\/revisions"}],"wp:attachment":[{"href":"https:\/\/www.toque-musicall.com\/index.php?rest_route=%2Fwp%2Fv2%2Fmedia&parent=1975"}],"wp:term":[{"taxonomy":"category","embeddable":true,"href":"https:\/\/www.toque-musicall.com\/index.php?rest_route=%2Fwp%2Fv2%2Fcategories&post=1975"},{"taxonomy":"post_tag","embeddable":true,"href":"https:\/\/www.toque-musicall.com\/index.php?rest_route=%2Fwp%2Fv2%2Ftags&post=1975"}],"curies":[{"name":"wp","href":"https:\/\/api.w.org\/{rel}","templated":true}]}}