{"id":1977,"date":"2007-10-20T12:28:00","date_gmt":"2007-10-20T12:28:00","guid":{"rendered":"http:\/\/www.toque-musicall.com\/?p=1977"},"modified":"2007-10-20T12:28:00","modified_gmt":"2007-10-20T12:28:00","slug":"naire-1974","status":"publish","type":"post","link":"https:\/\/www.toque-musicall.com\/?p=1977","title":{"rendered":"Naire (1974)"},"content":{"rendered":"<p><a href=\"http:\/\/3.bp.blogspot.com\/_DSKVEvHtskc\/RxpOo2pbIVI\/AAAAAAAAAnE\/txw8b3hbAVI\/s1600-h\/Naire+-+1974.jpg\"><img decoding=\"async\" id=\"BLOGGER_PHOTO_ID_5123493989858353490\" style=\"DISPLAY: block; MARGIN: 0px auto 10px; CURSOR: hand; TEXT-ALIGN: center\" alt=\"\" src=\"http:\/\/3.bp.blogspot.com\/_DSKVEvHtskc\/RxpOo2pbIVI\/AAAAAAAAAnE\/txw8b3hbAVI\/s400\/Naire+-+1974.jpg\" border=\"0\" \/><\/a> N\u00e3o faz muito tempo, logo que surgiu o Orkut, em uma comunidade de vinil raro em que eu fazia parte, recebi de um amigo um arquivo zipado deste disco. Fiquei muito impressionado com o trabalho do artista que at\u00e9 ent\u00e3o eu n\u00e3o conhecia. Infelizmente no arquivo n\u00e3o inclu\u00eda o encarte nem qualquer outra informa\u00e7\u00e3o. Depois de muito procurar, acabei achando a capa em um blog de um japon\u00eas. Como era muito pequena a imagem e de pouca resolu\u00e7\u00e3o, deixei no coment\u00e1rios o pedido uma c\u00f3pia da capa. (Se tem uma coisa que acho o fim da picada s\u00e3o esses blogs de m\u00fasica que n\u00e3o incluem a arte, ou quando o fazem \u00e9 de maneira grosseira. N\u00e3o d\u00e1 nem tes\u00e3o de ouvir o disco.) Depois de alguns meses, recebo um e-mail com a tal capinha (infelizmente n\u00e3o t\u00e3o boa quanto eu esperava). De qualquer forma, acho que chegou a hora de post\u00e1-lo. N\u00e3o vou indicar o blog do japa porque ele assim o quer. Como se trata de um \u00e1lbum um tanto obscuro, pouca coisa se tem a seu respeito na rede. S\u00f3 mesmo visitando o <a href=\"http:\/\/www.millarch.org\/\">&#8220;Tabl\u00f3ide Digital&#8221;<\/a>, um blog que re\u00fane textos publicados do jornalista Aramis Millarch, para conseguir a informa\u00e7\u00e3o que repasso neste toque para voc\u00eas. Segue a baixo o artigo dele, publicado no Jornal Estado do Paran\u00e1 em 05\/05\/1974. \u00c9 nessas horas que a gente entende a diferen\u00e7a entre not\u00edcia e informa\u00e7\u00e3o. Salve o Armis!<\/p>\n<div align=\"left\"><em>Conhe\u00e7am Naire&#8230;. com aten\u00e7\u00e3o!<br \/>Afinal aconteceu a primeira revela\u00e7\u00e3o do ano. Ele se chama Naire, simplesmente, e est\u00e1 chegando num excelente lp da RGE (303.023, mar\u00e7o\/74), que infelizmente esqueceu de distribuir um press-release para informar quem \u00e9 o mo\u00e7o, de onde veio, o que pensa. Mas o que afinal n\u00e3o diminui o impacto de sua estr\u00e9ia. Produzido por J. Shapiro, com dire\u00e7\u00e3o art\u00edstica de Toninho Paladino e arranjos de Luiz Cl\u00e1udio Ramos, Naire gravou este seu primeiro disco nos est\u00fadios da CBS, na GB, com a participa\u00e7\u00e3o de um grupo de bons m\u00fasicos: Antonio Adolfo, Mam\u00e3o, Chacal, Chiquinho, Alexandre, Luiz Claudio, Chiquinho do Acordeon, Bat\u00f4, Laudir, Fernando Leporace, Pascoal e Franklim (flauta).<br \/>O repert\u00f3rio n\u00e3o poderia ser melhor: Naire abre com uma das m\u00fasicas que consideramos das melhores de 73 &#8220;15 anos&#8221;, que comp\u00f4s&#8221; em parceria com Paulinho Tapaj\u00f3s e que na Phono &#8211; 73 foi defendida por Nara Le\u00e3o. Uma letra sens\u00edvel e inteligente, que se apropriou perfeitamente a Nara Le\u00e3o, que dela nos falou de entusiasmo quando aqui esteve no ano passado. Paulinho Tapaj\u00f3s \u00e9 ali\u00e1s o grande amigo e parceiro e de Naire, participando inclusive de duas faixas: &#8220;Duas Irm\u00e3s&#8221; e &#8220;Quinze Anos&#8221;. Juntos fizeram para este lp as faixas &#8220;menestral das Cabras&#8221; (com um leve toque de Z\u00e9 Rodrix e seu rock rural), &#8220;Um dia Azul de Abril&#8221; e, &#8220;Bendito Seja&#8221;, &#8220;A Donzela&#8221;, &#8220;Paz de Penedo&#8221;, &#8220;Duas Irm\u00e3s&#8221; e &#8220;Feliz Feliz&#8221;. Com Tiberio Gaspar, Naire comp\u00f4s &#8220;Companheiro&#8221;, Ch\u00e1 de Jasmimn&#8221; e &#8220;Passeio P\u00fablico&#8221;. Exclusivamente sua \u00e9 &#8220;A Vida \u00e9 Agora&#8221;. E o inspirado &#8220;Ave Maria&#8221; de Roberto Menescal-Paulinho Tapaj\u00f3s \u00e9 a \u00fanica faixa que n\u00e3o teve sua participa\u00e7\u00e3o como autor.<br \/>Voz suave, personal\u00edssima, arranjos agrad\u00e1veis e sobretudo o bom gosto dos arranjos e compet\u00eancia dos m\u00fasicos escolhidos para acompanh\u00e1-lo nas 13 faixas deste lp digno, honesto e sens\u00edvel. Anotem o nome de NAIRE. Ou melhor: comprem o seu disco. Vale os Cr$ 32,00 que custa.<\/em><\/div>\n<div align=\"center\">01 &#8211; 15 anos (naire-paulinho tapaj\u00f3s) &#8211; participa\u00e7\u00e3o vocal- paulinho tapaj\u00f3s<\/div>\n<div align=\"center\">02 &#8211; o menestrel das cabras (naire-paulinho tapaj\u00f3s)<\/div>\n<div align=\"center\">03 &#8211; um dia azul de abril (naire-paulinho tapaj\u00f3s)<\/div>\n<div align=\"center\">04 &#8211; companheiro (naire-tib\u00e9rio gaspar)<\/div>\n<div align=\"center\">05 &#8211; bendito seja (naire-paulinho tapaj\u00f3s)<\/div>\n<div align=\"center\">06 &#8211; ave maria (roberto menescal-paulinho tapaj\u00f3s)<\/div>\n<div align=\"center\">07 &#8211; ch\u00e1 de jasmim (naire-tib\u00e9rio gaspar)<\/div>\n<div align=\"center\">08 &#8211; donzela (naire-paulinho tapaj\u00f3s)<\/div>\n<div align=\"center\">09 &#8211; paz de penedo (naire-paulinho tapaj\u00f3s)<\/div>\n<div align=\"center\">10 &#8211; passeio p\u00fablico (naire-tib\u00e9rio gaspar)<\/div>\n<div align=\"center\">11 &#8211; a vida \u00e9 agora (naire)<\/div>\n<div align=\"center\">12 &#8211; duas irm\u00e3s (naire-paulinho tapaj\u00f3s) &#8211; participa\u00e7\u00e3o vocal- paulinho tapaj\u00f3s<\/div>\n<div align=\"center\">13 &#8211; feliz feliz (naire-paulinho tapaj\u00f3s)<\/div>\n<div align=\"center\"><\/div>\n<div align=\"center\"><\/div>\n","protected":false},"excerpt":{"rendered":"<p>N\u00e3o faz muito tempo, logo que surgiu o Orkut, em uma comunidade de vinil raro em que eu fazia parte, recebi de um amigo um arquivo zipado deste disco. Fiquei muito impressionado com o trabalho do artista que at\u00e9 ent\u00e3o &hellip; <a href=\"https:\/\/www.toque-musicall.com\/?p=1977\">Continue lendo <span class=\"meta-nav\">&rarr;<\/span><\/a><\/p>\n","protected":false},"author":1,"featured_media":0,"comment_status":"open","ping_status":"closed","sticky":false,"template":"","format":"standard","meta":{"footnotes":""},"categories":[1873],"tags":[],"class_list":["post-1977","post","type-post","status-publish","format-standard","hentry","category-naire"],"_links":{"self":[{"href":"https:\/\/www.toque-musicall.com\/index.php?rest_route=\/wp\/v2\/posts\/1977","targetHints":{"allow":["GET"]}}],"collection":[{"href":"https:\/\/www.toque-musicall.com\/index.php?rest_route=\/wp\/v2\/posts"}],"about":[{"href":"https:\/\/www.toque-musicall.com\/index.php?rest_route=\/wp\/v2\/types\/post"}],"author":[{"embeddable":true,"href":"https:\/\/www.toque-musicall.com\/index.php?rest_route=\/wp\/v2\/users\/1"}],"replies":[{"embeddable":true,"href":"https:\/\/www.toque-musicall.com\/index.php?rest_route=%2Fwp%2Fv2%2Fcomments&post=1977"}],"version-history":[{"count":0,"href":"https:\/\/www.toque-musicall.com\/index.php?rest_route=\/wp\/v2\/posts\/1977\/revisions"}],"wp:attachment":[{"href":"https:\/\/www.toque-musicall.com\/index.php?rest_route=%2Fwp%2Fv2%2Fmedia&parent=1977"}],"wp:term":[{"taxonomy":"category","embeddable":true,"href":"https:\/\/www.toque-musicall.com\/index.php?rest_route=%2Fwp%2Fv2%2Fcategories&post=1977"},{"taxonomy":"post_tag","embeddable":true,"href":"https:\/\/www.toque-musicall.com\/index.php?rest_route=%2Fwp%2Fv2%2Ftags&post=1977"}],"curies":[{"name":"wp","href":"https:\/\/api.w.org\/{rel}","templated":true}]}}