{"id":198,"date":"2011-12-27T20:34:00","date_gmt":"2011-12-27T20:34:00","guid":{"rendered":"http:\/\/www.toque-musicall.com\/?p=198"},"modified":"2011-12-27T20:34:00","modified_gmt":"2011-12-27T20:34:00","slug":"anisio-silva-com-oswaldo-borba-e-sua-orquestra-1960","status":"publish","type":"post","link":"https:\/\/www.toque-musicall.com\/?p=198","title":{"rendered":"Anisio Silva &#8211; Com Oswaldo Borba E Sua Orquestra (1960)"},"content":{"rendered":"<p><a href=\"http:\/\/1.bp.blogspot.com\/-Q6hwNJE2V4o\/TvosQnHSRRI\/AAAAAAAAAv0\/9V3FCaim_k0\/s1600\/anisio+P.JPG\"><img decoding=\"async\" style=\"display:block; margin:0px auto 10px; text-align:center;cursor:pointer; cursor:hand;width: 397px; height: 400px;\" src=\"http:\/\/1.bp.blogspot.com\/-Q6hwNJE2V4o\/TvosQnHSRRI\/AAAAAAAAAv0\/9V3FCaim_k0\/s400\/anisio+P.JPG\" border=\"0\" alt=\"\" id=\"BLOGGER_PHOTO_ID_5690909743025112338\" \/><\/a>Boa tarde\/noite, amigos cultos e ocultos! Com este hor\u00e1rio de ver\u00e3o a gente as vezes fica meio perdido&#8230; E por falar nisso, em estar perdido, eu hoje estou meio assim. Resolvi ent\u00e3o fazer uma gra\u00e7a e atender aos pedidos de uma meia d\u00fazia, que j\u00e1 a algum tempo vem me pedindo os discos do Anisio Silva. Sinceramente, devo confessar, o Anisio Silva \u00e9 um daqueles artistas que eu nunca dei muita bola. Do pouco que conhe\u00e7o, sempre achei meio brega e mais ainda, a voz dele, sempre me pareceu brejeira e oscilante. Posso estar aqui falando bobagem, mas \u00e9 o que eu penso. Por outro lado, uma coisa que sempre me chamou a aten\u00e7\u00e3o, foram as capas dos seus discos, mais exatamente as da fase na Odeon. Tem cada uma \u00f3tima, tanto em beleza quanto em curiosidades. Vejamos, por exemplo esta do disco gravado por ele e acompanhamento da orquestra do maestro Oswaldo Borba. Vejam que bela composi\u00e7\u00e3o fotogr\u00e1fica, que resultado final bacana no &#8216;lay-out&#8217;. Pois \u00e9, s\u00f3 podia ser mesmo coisa do C\u00e9sar Villela. E a fotografia, que com certeza foi feita numa 6&#215;6, \u00e9 de um tal Pierre (seria o Verger?). Vemos aqui um trabalho de arte gr\u00e1fica de primeira linha. Para um estrangeiro, ao deparar com essa capa e \u00e0 primeira vista, h\u00e1 de pensar que se trata de um m\u00fasico de jazz. A arte tem todas essas caracter\u00edsticas e consequentemente, tudo a ver com o grande Villela.<\/p>\n<div>Bom, mas falando tamb\u00e9m do recheio, o disco em si, temos aqui uma sele\u00e7\u00e3o musical onde predominam os boleros. O Anisio Silva era um mestre nesse assunto e como poucos, talvez o \u00fanico cantor rom\u00e2ntico popular a vender milhares de discos, numa \u00e9poca em que a m\u00fasica brasileira estava sendo reformulada pela Bossa Nova. Anisio foi sempre um artista de sucesso, mas na minha opini\u00e3o, acho que como cantor ele era um \u00f3timo compositor. Por\u00e9m, contudo e todavia, n\u00e3o deixo de reconhecer o seu talento e muito do seu repert\u00f3rio. Olhando e ouvindo a coisa com outros olhos, percebo que meu ran\u00e7o est\u00e1 mesmo em sua interpreta\u00e7\u00e3o, que certamente agrada a unanimidade. Por isso, quem sou eu frente a todos, prefiro n\u00e3o provocar&#8230; Melhor ainda, vamos ouvir&#8230; escutem da\u00ed que eu vejo de c\u00e1, estamos combinados? hehehe&#8230;<\/div>\n<div><\/div>\n<div style=\"text-align: center;\">tu has de voltar<\/div>\n<div style=\"text-align: center;\">o mal da gente<\/div>\n<div style=\"text-align: center;\">meu amanh\u00e3<\/div>\n<div style=\"text-align: center;\">porque voltei<\/div>\n<div style=\"text-align: center;\">abra a porta por favor<\/div>\n<div style=\"text-align: center;\">h\u00e1 na saudade um segredo<\/div>\n<div style=\"text-align: center;\">tente sorrir<\/div>\n<div style=\"text-align: center;\">amar<\/div>\n<div style=\"text-align: center;\">noite e dia<\/div>\n<div style=\"text-align: center;\">nasci para te adorar<\/div>\n<div style=\"text-align: center;\">aus\u00eancia<\/div>\n<div style=\"text-align: center;\">quero estar contigo<\/div>\n<div style=\"text-align: center;\"><\/div>\n","protected":false},"excerpt":{"rendered":"<p>Boa tarde\/noite, amigos cultos e ocultos! Com este hor\u00e1rio de ver\u00e3o a gente as vezes fica meio perdido&#8230; E por falar nisso, em estar perdido, eu hoje estou meio assim. Resolvi ent\u00e3o fazer uma gra\u00e7a e atender aos pedidos de &hellip; <a href=\"https:\/\/www.toque-musicall.com\/?p=198\">Continue lendo <span class=\"meta-nav\">&rarr;<\/span><\/a><\/p>\n","protected":false},"author":1,"featured_media":0,"comment_status":"open","ping_status":"closed","sticky":false,"template":"","format":"standard","meta":{"footnotes":""},"categories":[363,86],"tags":[],"class_list":["post-198","post","type-post","status-publish","format-standard","hentry","category-anisio-silva","category-selo-odeon"],"_links":{"self":[{"href":"https:\/\/www.toque-musicall.com\/index.php?rest_route=\/wp\/v2\/posts\/198","targetHints":{"allow":["GET"]}}],"collection":[{"href":"https:\/\/www.toque-musicall.com\/index.php?rest_route=\/wp\/v2\/posts"}],"about":[{"href":"https:\/\/www.toque-musicall.com\/index.php?rest_route=\/wp\/v2\/types\/post"}],"author":[{"embeddable":true,"href":"https:\/\/www.toque-musicall.com\/index.php?rest_route=\/wp\/v2\/users\/1"}],"replies":[{"embeddable":true,"href":"https:\/\/www.toque-musicall.com\/index.php?rest_route=%2Fwp%2Fv2%2Fcomments&post=198"}],"version-history":[{"count":0,"href":"https:\/\/www.toque-musicall.com\/index.php?rest_route=\/wp\/v2\/posts\/198\/revisions"}],"wp:attachment":[{"href":"https:\/\/www.toque-musicall.com\/index.php?rest_route=%2Fwp%2Fv2%2Fmedia&parent=198"}],"wp:term":[{"taxonomy":"category","embeddable":true,"href":"https:\/\/www.toque-musicall.com\/index.php?rest_route=%2Fwp%2Fv2%2Fcategories&post=198"},{"taxonomy":"post_tag","embeddable":true,"href":"https:\/\/www.toque-musicall.com\/index.php?rest_route=%2Fwp%2Fv2%2Ftags&post=198"}],"curies":[{"name":"wp","href":"https:\/\/api.w.org\/{rel}","templated":true}]}}