{"id":1992,"date":"2007-10-15T02:55:00","date_gmt":"2007-10-15T02:55:00","guid":{"rendered":"http:\/\/www.toque-musicall.com\/?p=1992"},"modified":"2007-10-15T02:55:00","modified_gmt":"2007-10-15T02:55:00","slug":"sirlan-profissao-de-fe-1979","status":"publish","type":"post","link":"https:\/\/www.toque-musicall.com\/?p=1992","title":{"rendered":"Sirlan &#8211; Profiss\u00e3o De F\u00e9 (1979)"},"content":{"rendered":"<p><a href=\"http:\/\/1.bp.blogspot.com\/-Nd9H_Z9OI6g\/Tx1HjEepfrI\/AAAAAAAAA7Q\/UQp_kzIsAvw\/s1600\/sirlan+P.JPG\"><img decoding=\"async\" style=\"display:block; margin:0px auto 10px; text-align:center;cursor:pointer; cursor:hand;width: 400px; height: 400px;\" src=\"http:\/\/1.bp.blogspot.com\/-Nd9H_Z9OI6g\/Tx1HjEepfrI\/AAAAAAAAA7Q\/UQp_kzIsAvw\/s400\/sirlan+P.JPG\" border=\"0\" alt=\"\" id=\"BLOGGER_PHOTO_ID_5700791371144199858\" \/><\/a>O mineiro Antonio de Jesus, o Sirlan, surgiu no Festival da Can\u00e7\u00e3o de 1972, com a m\u00fasica Viva Zap\u00e1tria&#8221;, gravada pelo MPB 4 no disco &#8220;Cicatrizes&#8221;. Um trocadilho com o filme Viva Zapata, a hist\u00f3ria do l\u00edder guerrilheiro mexicano Emiliano Zapata. Ele tentou gravar um disco, foi contratado por uma grande gravadora, mas teve todas as m\u00fasicas censuradas. <em>\u2018O Sirlan era o caso mais absurdo de censura. Inviabilizaram, acabaram com a carreira dele. Era imposs\u00edvel um compositor levar cinco anos para conseguir aprovar dez m\u00fasicas e gravar um disco\u2019<\/em>, lembra Fernando Brant. Uma d\u00e9cada se passou para que ele finalmente conseguisse gravar pela Continental este disco, que realmente foi de f\u00e9.  Sirlan desistiu de enfrentar a censura e passou a compor jingles. Acho que ele ainda continua na publicidade e propaganda. Toque este a\u00ed&#8230;<\/p>\n<div align=\"center\">1-Profiss\u00e3o de F\u00e9 (Sirlan-Fernando Brant)<\/div>\n<div align=\"center\">2-Povo da Monstanha (Sirlan &#8211; Fernando Brant)<\/div>\n<div align=\"center\">3-Se voc\u00ea quiser chorar (sirlan-Humberto Carreiro)<\/div>\n<div align=\"center\">4-Vivazap\u00e1tria (Sirlan-Murilo Antunes)<\/div>\n<div align=\"center\">5-Lumiar (Sirlan-Murilo Antunes)<\/div>\n<div align=\"center\">6-Bom de Sela (Sirlan-Fernando Brant)<\/div>\n<div align=\"center\">7-Bela Criatura (Sirlan-Murilo Antunes)<\/div>\n<div align=\"center\">8-Nove Anos (Sirlan-Fernando Brant)<\/div>\n<div align=\"center\">9-Viagem \u00e0s Origens (Sirlan Fernando Brant)<\/div>\n<div align=\"center\">10-Bailarina (Sirlan &#8211; Murilo Antunes)<\/div>\n<div align=\"center\">11-De viver (Sirlan)<\/p>\n<\/div>\n","protected":false},"excerpt":{"rendered":"<p>O mineiro Antonio de Jesus, o Sirlan, surgiu no Festival da Can\u00e7\u00e3o de 1972, com a m\u00fasica Viva Zap\u00e1tria&#8221;, gravada pelo MPB 4 no disco &#8220;Cicatrizes&#8221;. Um trocadilho com o filme Viva Zapata, a hist\u00f3ria do l\u00edder guerrilheiro mexicano Emiliano &hellip; <a href=\"https:\/\/www.toque-musicall.com\/?p=1992\">Continue lendo <span class=\"meta-nav\">&rarr;<\/span><\/a><\/p>\n","protected":false},"author":1,"featured_media":0,"comment_status":"open","ping_status":"closed","sticky":false,"template":"","format":"standard","meta":{"footnotes":""},"categories":[40,1880],"tags":[],"class_list":["post-1992","post","type-post","status-publish","format-standard","hentry","category-selo-continental","category-sirlan"],"_links":{"self":[{"href":"https:\/\/www.toque-musicall.com\/index.php?rest_route=\/wp\/v2\/posts\/1992","targetHints":{"allow":["GET"]}}],"collection":[{"href":"https:\/\/www.toque-musicall.com\/index.php?rest_route=\/wp\/v2\/posts"}],"about":[{"href":"https:\/\/www.toque-musicall.com\/index.php?rest_route=\/wp\/v2\/types\/post"}],"author":[{"embeddable":true,"href":"https:\/\/www.toque-musicall.com\/index.php?rest_route=\/wp\/v2\/users\/1"}],"replies":[{"embeddable":true,"href":"https:\/\/www.toque-musicall.com\/index.php?rest_route=%2Fwp%2Fv2%2Fcomments&post=1992"}],"version-history":[{"count":0,"href":"https:\/\/www.toque-musicall.com\/index.php?rest_route=\/wp\/v2\/posts\/1992\/revisions"}],"wp:attachment":[{"href":"https:\/\/www.toque-musicall.com\/index.php?rest_route=%2Fwp%2Fv2%2Fmedia&parent=1992"}],"wp:term":[{"taxonomy":"category","embeddable":true,"href":"https:\/\/www.toque-musicall.com\/index.php?rest_route=%2Fwp%2Fv2%2Fcategories&post=1992"},{"taxonomy":"post_tag","embeddable":true,"href":"https:\/\/www.toque-musicall.com\/index.php?rest_route=%2Fwp%2Fv2%2Ftags&post=1992"}],"curies":[{"name":"wp","href":"https:\/\/api.w.org\/{rel}","templated":true}]}}