{"id":1993,"date":"2007-10-15T02:47:00","date_gmt":"2007-10-15T02:47:00","guid":{"rendered":"http:\/\/www.toque-musicall.com\/?p=1993"},"modified":"2007-10-15T02:47:00","modified_gmt":"2007-10-15T02:47:00","slug":"o-encontro-no-au-bon-gourmet-1962","status":"publish","type":"post","link":"https:\/\/www.toque-musicall.com\/?p=1993","title":{"rendered":"O Encontro No Au Bon Gourmet (1962)"},"content":{"rendered":"<p><a href=\"http:\/\/1.bp.blogspot.com\/_DSKVEvHtskc\/RxQKXIGWYAI\/AAAAAAAAAkE\/hFvxmh7lCfg\/s1600-h\/o+encontro+1962.jpg\"><img decoding=\"async\" style=\"TEXT-ALIGN: center; MARGIN: 0px auto 10px; DISPLAY: block; CURSOR: hand\" id=\"BLOGGER_PHOTO_ID_5121730068654481410\" border=\"0\" alt=\"\" src=\"http:\/\/1.bp.blogspot.com\/_DSKVEvHtskc\/RxQKXIGWYAI\/AAAAAAAAAkE\/hFvxmh7lCfg\/s400\/o+encontro+1962.jpg\" \/><\/a>Aproveitando um tempinho livre, resolvi criar uma capinha para este registro hist\u00f3rico e raro. Uma maneira de dar cara (pelo menos aqui no TM) ao que poderia ter sido um disco. Ali\u00e1s um grande disco! Para os que ainda n\u00e3o sabem, ou ainda n\u00e3o o viram (e ouviram) no <a href=\"http:\/\/loronix.blogspot.com\/2006\/09\/joao-gilberto-tom-jobim-vinicius-de.html\">Loronix<\/a>, eis aqui uma outra alternativa de conhecer essas grava\u00e7\u00f5es. Trata-se de um show, uma temporada no restaurante Au Bon Gourmet, onde se encontraram as ilustres figuras de Tom Jobim, Vin\u00edcius de Moraes, Jo\u00e3o Gilberto e o grupo Os Cariocas. Realmente um encontro e tanto, que ainda contou com a presen\u00e7a na &#8216;cozinha&#8217; de Milton Banana na bateria e Ot\u00e1vio Bailly no contra-baixo. Sob a dire\u00e7\u00e3o musical de Aloysio de Oliveira, o show foi uma esp\u00e9cie de batismo, a primeira apresenta\u00e7\u00e3o em p\u00fablico de can\u00e7\u00f5es que em pouco tempo se tornariam cl\u00e1ssicos, como &#8220;Garota de Ipanema&#8221;, &#8220;Samba do avi\u00e3o&#8221;, &#8220;Samba da ben\u00e7\u00e3o&#8221; e &#8220;S\u00f3 dan\u00e7o samba&#8221;. H\u00e1 tamb\u00e9m outros momentos memor\u00e1veis nessas grava\u00e7\u00f5es, que embora um pouco prec\u00e1rias, possuem um valor inestim\u00e1vel. Vamos ao toque&#8230;<\/p>\n<div><\/div>\n<p><\/p>\n<div style=\"TEXT-ALIGN: center\">01. S\u00f3 Dan\u00e7o Samba (Antonio Carlos Jobim\/Vinicius de Moraes) Os Cariocas<\/div>\n<div style=\"TEXT-ALIGN: center\">02. Samba de uma Nota S\u00f3 (Antonio C. Jobim\/Newton Mendon\u00e7a) Tom Jobim &#038; Os Cariocas<\/div>\n<div style=\"TEXT-ALIGN: center\">03. Corcovado (Antonio Carlos Jobim) Jo\u00e3o Gilberto &#038; Os Cariocas<\/div>\n<div style=\"TEXT-ALIGN: center\">04. Samba da B\u00ean\u00e7\u00e3o (Baden Powell\/Vinicius de Moraes) Vinicius de Moraes<\/div>\n<div style=\"TEXT-ALIGN: center\">05. Amor em Paz (Antonio Carlos Jobim\/Vinicius de Moraes) Jo\u00e3o Gilberto &#038; Os Cariocas<\/div>\n<div style=\"TEXT-ALIGN: center\">06. Bossa Nova e Bossa Velha (Miguel Gustavo) Os Cariocas<\/div>\n<div style=\"TEXT-ALIGN: center\">07. Samba do Avi\u00e3o (Antonio Carlos Jobim) Tom Jobim &#038; Os Cariocas<\/div>\n<div style=\"TEXT-ALIGN: center\">08. O Astronauta (Baden Powell\/Vinicius de Moraes) Vinicius de Moraes &#038; Os Cariocas<\/div>\n<div style=\"TEXT-ALIGN: center\">09. Samba da Minha Terra (Dorival Caymmi) Jo\u00e3o Gilberto<\/div>\n<div style=\"TEXT-ALIGN: center\">10. Insensatez (Antonio Carlos Jobim\/Vinicius de Moraes) Jo\u00e3o Gilberto<\/div>\n<div style=\"TEXT-ALIGN: center\">11. Garota de Ipanema (Antonio C. Jobim\/V. de Moraes) Jo\u00e3o, Tom &#038; Vinicius <\/div>\n<div style=\"TEXT-ALIGN: center\">e Devagar com a lou\u00e7a (Haroldo Barbosa\/Luiz Reis) Os Cariocas<\/div>\n<div style=\"TEXT-ALIGN: center\">12. S\u00f3 Dan\u00e7o Samba (Antonio Carlos Jobim\/Vinicius de Moraes) Jo\u00e3o Gilberto &#038; Os Cariocas<\/div>\n<div>\n<div style=\"TEXT-ALIGN: center\">13. Garota de Ipanema; S\u00f3 Dan\u00e7o Samba; Se Todos Fossem Iguais a Voc\u00ea (Antonio C. Jobim\/V. de Moraes) Todos<\/div>\n<div style=\"TEXT-ALIGN: center\"><\/div>\n<div style=\"TEXT-ALIGN: center\"><\/div>\n<div style=\"TEXT-ALIGN: center\">Dire\u00e7\u00e3o de Aloysio de Oliveira<\/div>\n<\/div>\n","protected":false},"excerpt":{"rendered":"<p>Aproveitando um tempinho livre, resolvi criar uma capinha para este registro hist\u00f3rico e raro. Uma maneira de dar cara (pelo menos aqui no TM) ao que poderia ter sido um disco. Ali\u00e1s um grande disco! Para os que ainda n\u00e3o &hellip; <a href=\"https:\/\/www.toque-musicall.com\/?p=1993\">Continue lendo <span class=\"meta-nav\">&rarr;<\/span><\/a><\/p>\n","protected":false},"author":1,"featured_media":0,"comment_status":"open","ping_status":"closed","sticky":false,"template":"","format":"standard","meta":{"footnotes":""},"categories":[135,292,1881,290,1119],"tags":[],"class_list":["post-1993","post","type-post","status-publish","format-standard","hentry","category-antonio-carlos-jobim","category-joao-gilberto","category-o-encontro-no-au-bon-gourmet","category-os-cariocas","category-vinicius-de-moraes"],"_links":{"self":[{"href":"https:\/\/www.toque-musicall.com\/index.php?rest_route=\/wp\/v2\/posts\/1993","targetHints":{"allow":["GET"]}}],"collection":[{"href":"https:\/\/www.toque-musicall.com\/index.php?rest_route=\/wp\/v2\/posts"}],"about":[{"href":"https:\/\/www.toque-musicall.com\/index.php?rest_route=\/wp\/v2\/types\/post"}],"author":[{"embeddable":true,"href":"https:\/\/www.toque-musicall.com\/index.php?rest_route=\/wp\/v2\/users\/1"}],"replies":[{"embeddable":true,"href":"https:\/\/www.toque-musicall.com\/index.php?rest_route=%2Fwp%2Fv2%2Fcomments&post=1993"}],"version-history":[{"count":0,"href":"https:\/\/www.toque-musicall.com\/index.php?rest_route=\/wp\/v2\/posts\/1993\/revisions"}],"wp:attachment":[{"href":"https:\/\/www.toque-musicall.com\/index.php?rest_route=%2Fwp%2Fv2%2Fmedia&parent=1993"}],"wp:term":[{"taxonomy":"category","embeddable":true,"href":"https:\/\/www.toque-musicall.com\/index.php?rest_route=%2Fwp%2Fv2%2Fcategories&post=1993"},{"taxonomy":"post_tag","embeddable":true,"href":"https:\/\/www.toque-musicall.com\/index.php?rest_route=%2Fwp%2Fv2%2Ftags&post=1993"}],"curies":[{"name":"wp","href":"https:\/\/api.w.org\/{rel}","templated":true}]}}