{"id":1994,"date":"2007-10-15T01:58:00","date_gmt":"2007-10-15T01:58:00","guid":{"rendered":"http:\/\/www.toque-musicall.com\/?p=1994"},"modified":"2007-10-15T01:58:00","modified_gmt":"2007-10-15T01:58:00","slug":"silvia-maria-porte-de-rainha-1973","status":"publish","type":"post","link":"https:\/\/www.toque-musicall.com\/?p=1994","title":{"rendered":"Silvia Maria &#8211; Porte De Rainha (1973)"},"content":{"rendered":"<p><a href=\"http:\/\/2.bp.blogspot.com\/_DSKVEvHtskc\/RxLKV4GWX2I\/AAAAAAAAAi4\/qN84TBEJn78\/s1600-h\/silvia+maria.JPG\"><img decoding=\"async\" id=\"BLOGGER_PHOTO_ID_5121378203458756450\" style=\"DISPLAY: block; MARGIN: 0px auto 10px; CURSOR: hand; TEXT-ALIGN: center\" alt=\"\" src=\"http:\/\/2.bp.blogspot.com\/_DSKVEvHtskc\/RxLKV4GWX2I\/AAAAAAAAAi4\/qN84TBEJn78\/s400\/silvia+maria.JPG\" border=\"0\" \/><\/a>Premiada em festivais na d\u00e9cada de 70, vencedora do Festival Mundial Onda Nueva &#8211; Venezuela, interpretando &#8220;Her\u00f3ica&#8221; de Adylson Godoy, concorrendo com Astor Piazzolla e Dave Grousin. Apresentou-se ao lado de Dorival Caymmi, Edu Lobo, Milton Nascimento, Baden Powel, entre outros. Para o cinema gravou a trilha &#8220;Bodas&#8221;, de Milton Nascimento, para o filme &#8220;Deuses e Mortos&#8221;. Gravou 2 LPs : &#8220;Porte de Rainha&#8221; (1973) e &#8220;Coragem&#8221;(1980), com participa\u00e7\u00e3o especial de Baden Powell, Grupo Medusa, Adylson Godoy e Maestro Roberto Sion.<\/p>\n<div align=\"center\">1. Porte de Rainha (Adilson Godoy)<br \/>2. J\u00e1 N\u00e3o H\u00e1 Mais Tempo (Adilson Godoy)<br \/>3. Palha\u00e7os e Reis (Ivan Lins \/ Ronaldo Monteiro de Souza)<br \/>4. Molambo (Jaime Florence &#8220;Meira&#8221; \/ Augusto Mesquita)<br \/>5. O Que Vier Eu Tra\u00e7o (Alvaiade \/ Z\u00e9 Maria)<br \/>6. Coincid\u00eancia (Eduardo Gudin \/ Paulo C\u00e9sar Pinheiro)<br \/>7. Como Eu Queria Que o Amor Voltasse (Adilson Godoy)<br \/>8. Festas Mortas (Edu Lobo \/ Gianfrancesco Guarnieri)<br \/>9. E Bateu-se a Chapa (Assis Valente)<br \/>10. Descaso (C\u00e9sar Costa Filho \/ Ild\u00e1sio Tavares) <\/div>\n<div align=\"center\"><\/div>\n<div align=\"center\"><\/div>\n","protected":false},"excerpt":{"rendered":"<p>Premiada em festivais na d\u00e9cada de 70, vencedora do Festival Mundial Onda Nueva &#8211; Venezuela, interpretando &#8220;Her\u00f3ica&#8221; de Adylson Godoy, concorrendo com Astor Piazzolla e Dave Grousin. Apresentou-se ao lado de Dorival Caymmi, Edu Lobo, Milton Nascimento, Baden Powel, entre &hellip; <a href=\"https:\/\/www.toque-musicall.com\/?p=1994\">Continue lendo <span class=\"meta-nav\">&rarr;<\/span><\/a><\/p>\n","protected":false},"author":1,"featured_media":0,"comment_status":"open","ping_status":"closed","sticky":false,"template":"","format":"standard","meta":{"footnotes":""},"categories":[1882],"tags":[],"class_list":["post-1994","post","type-post","status-publish","format-standard","hentry","category-silvia-maria"],"_links":{"self":[{"href":"https:\/\/www.toque-musicall.com\/index.php?rest_route=\/wp\/v2\/posts\/1994","targetHints":{"allow":["GET"]}}],"collection":[{"href":"https:\/\/www.toque-musicall.com\/index.php?rest_route=\/wp\/v2\/posts"}],"about":[{"href":"https:\/\/www.toque-musicall.com\/index.php?rest_route=\/wp\/v2\/types\/post"}],"author":[{"embeddable":true,"href":"https:\/\/www.toque-musicall.com\/index.php?rest_route=\/wp\/v2\/users\/1"}],"replies":[{"embeddable":true,"href":"https:\/\/www.toque-musicall.com\/index.php?rest_route=%2Fwp%2Fv2%2Fcomments&post=1994"}],"version-history":[{"count":0,"href":"https:\/\/www.toque-musicall.com\/index.php?rest_route=\/wp\/v2\/posts\/1994\/revisions"}],"wp:attachment":[{"href":"https:\/\/www.toque-musicall.com\/index.php?rest_route=%2Fwp%2Fv2%2Fmedia&parent=1994"}],"wp:term":[{"taxonomy":"category","embeddable":true,"href":"https:\/\/www.toque-musicall.com\/index.php?rest_route=%2Fwp%2Fv2%2Fcategories&post=1994"},{"taxonomy":"post_tag","embeddable":true,"href":"https:\/\/www.toque-musicall.com\/index.php?rest_route=%2Fwp%2Fv2%2Ftags&post=1994"}],"curies":[{"name":"wp","href":"https:\/\/api.w.org\/{rel}","templated":true}]}}