{"id":1995,"date":"2007-10-15T00:55:00","date_gmt":"2007-10-15T00:55:00","guid":{"rendered":"http:\/\/www.toque-musicall.com\/?p=1995"},"modified":"2007-10-15T00:55:00","modified_gmt":"2007-10-15T00:55:00","slug":"le-trio-camara-1968","status":"publish","type":"post","link":"https:\/\/www.toque-musicall.com\/?p=1995","title":{"rendered":"Le Trio Camara (1968)"},"content":{"rendered":"<p><a href=\"http:\/\/1.bp.blogspot.com\/_DSKVEvHtskc\/RxK7WoGWX1I\/AAAAAAAAAiw\/0mi49gTFETY\/s1600-h\/le+trio+camara.jpg\"><img decoding=\"async\" id=\"BLOGGER_PHOTO_ID_5121361723669241682\" style=\"DISPLAY: block; MARGIN: 0px auto 10px; CURSOR: hand; TEXT-ALIGN: center\" alt=\"\" src=\"http:\/\/1.bp.blogspot.com\/_DSKVEvHtskc\/RxK7WoGWX1I\/AAAAAAAAAiw\/0mi49gTFETY\/s400\/le+trio+camara.jpg\" border=\"0\" \/><\/a> Bossa e jazz \u00e9 sin\u00f4nimo de Le Trio Camara. Um \u00e1lbum instrumental da melhor qualidade, gravado na Fran\u00e7a pelo selo Saravah, traz tr\u00eas competentes m\u00fasicos brasileiros: Edson Lobo no contra-baixo, Fernando Martins no piano e Nelson Serra na bateria. Este \u00e9 um disco imperd\u00edvel para quem gosta de jazz, bossa e m\u00fasica instrumental. Basta ler a baixo o repert\u00f3rio para encarar este excelente toque.<\/p>\n<div align=\"center\">01 &#8211; Berimbau<\/div>\n<div align=\"center\">02 &#8211; Nao Tem Solucao<\/div>\n<div align=\"center\">03 &#8211; Bia<\/div>\n<div align=\"center\">04 &#8211; Nascente<\/div>\n<div align=\"center\">05 &#8211; Estrada Do Sol<\/div>\n<div align=\"center\">06 &#8211; Upa Neguinho<\/div>\n<div align=\"center\">07 &#8211; Feito De Ojacao<\/div>\n<div align=\"center\">08 &#8211; Cheganca<\/div>\n<div align=\"center\">09 &#8211; Noa Noa<\/div>\n<div align=\"center\">10 &#8211; Muito A Vontade<\/div>\n<div align=\"center\">11 &#8211; Samba Novo<\/div>\n<div align=\"center\"><\/div>\n<div align=\"center\"><\/div>\n","protected":false},"excerpt":{"rendered":"<p>Bossa e jazz \u00e9 sin\u00f4nimo de Le Trio Camara. Um \u00e1lbum instrumental da melhor qualidade, gravado na Fran\u00e7a pelo selo Saravah, traz tr\u00eas competentes m\u00fasicos brasileiros: Edson Lobo no contra-baixo, Fernando Martins no piano e Nelson Serra na bateria. Este &hellip; <a href=\"https:\/\/www.toque-musicall.com\/?p=1995\">Continue lendo <span class=\"meta-nav\">&rarr;<\/span><\/a><\/p>\n","protected":false},"author":1,"featured_media":0,"comment_status":"open","ping_status":"closed","sticky":false,"template":"","format":"standard","meta":{"footnotes":""},"categories":[1883],"tags":[],"class_list":["post-1995","post","type-post","status-publish","format-standard","hentry","category-le-trio-camara"],"_links":{"self":[{"href":"https:\/\/www.toque-musicall.com\/index.php?rest_route=\/wp\/v2\/posts\/1995","targetHints":{"allow":["GET"]}}],"collection":[{"href":"https:\/\/www.toque-musicall.com\/index.php?rest_route=\/wp\/v2\/posts"}],"about":[{"href":"https:\/\/www.toque-musicall.com\/index.php?rest_route=\/wp\/v2\/types\/post"}],"author":[{"embeddable":true,"href":"https:\/\/www.toque-musicall.com\/index.php?rest_route=\/wp\/v2\/users\/1"}],"replies":[{"embeddable":true,"href":"https:\/\/www.toque-musicall.com\/index.php?rest_route=%2Fwp%2Fv2%2Fcomments&post=1995"}],"version-history":[{"count":0,"href":"https:\/\/www.toque-musicall.com\/index.php?rest_route=\/wp\/v2\/posts\/1995\/revisions"}],"wp:attachment":[{"href":"https:\/\/www.toque-musicall.com\/index.php?rest_route=%2Fwp%2Fv2%2Fmedia&parent=1995"}],"wp:term":[{"taxonomy":"category","embeddable":true,"href":"https:\/\/www.toque-musicall.com\/index.php?rest_route=%2Fwp%2Fv2%2Fcategories&post=1995"},{"taxonomy":"post_tag","embeddable":true,"href":"https:\/\/www.toque-musicall.com\/index.php?rest_route=%2Fwp%2Fv2%2Ftags&post=1995"}],"curies":[{"name":"wp","href":"https:\/\/api.w.org\/{rel}","templated":true}]}}