{"id":1996,"date":"2007-10-14T02:06:00","date_gmt":"2007-10-14T02:06:00","guid":{"rendered":"http:\/\/www.toque-musicall.com\/?p=1996"},"modified":"2007-10-14T02:06:00","modified_gmt":"2007-10-14T02:06:00","slug":"carlinhos-vergueiro-brecha-1974","status":"publish","type":"post","link":"https:\/\/www.toque-musicall.com\/?p=1996","title":{"rendered":"Carlinhos Vergueiro &#8211; Brecha (1974)"},"content":{"rendered":"<p><a href=\"http:\/\/3.bp.blogspot.com\/_DSKVEvHtskc\/RxK54IGWX0I\/AAAAAAAAAio\/f_5g2Zqc2GM\/s1600-h\/Carlinhos+vergueiro+-+Brecha.JPG\"><img decoding=\"async\" id=\"BLOGGER_PHOTO_ID_5121360100171603778\" style=\"DISPLAY: block; MARGIN: 0px auto 10px; CURSOR: hand; TEXT-ALIGN: center\" alt=\"\" src=\"http:\/\/3.bp.blogspot.com\/_DSKVEvHtskc\/RxK54IGWX0I\/AAAAAAAAAio\/f_5g2Zqc2GM\/s400\/Carlinhos+vergueiro+-+Brecha.JPG\" border=\"0\" \/><\/a><br \/>Mais uma raridade que chega \u00e0 minhas m\u00e3os, ou melhor, aos meus ouvidos. Este \u00e9 um lp que n\u00e3o vejo a muito tempo, nem nos sebos onde costumo frequentar. Este \u00e9 o primeiro lp do compositor Carlinhos Vergueiro, que iniciou profissionalmente em 1973, gravando dois compactos tamb\u00e9m muito raros. Em 74 veio ent\u00e3o o \u00e1lbum, &#8220;Brecha&#8221;, que seria o ponto de partida para uma carreira que se solidificou muito r\u00e1pido, principalmente ap\u00f3s vencer o Festival Abertura da Rede Globo no ano seguinte, 1975, com a m\u00fasica &#8220;Como um ladr\u00e3o&#8221;.<br \/>&#8220;Brecha&#8221; \u00e9 um bom disco e merece um toque musical, ou\u00e7a!<\/p>\n<div align=\"center\"><strong><em>Lado A<br \/><\/em><\/strong>Brecha<\/div>\n<div align=\"center\">Lucidez<\/div>\n<div align=\"center\">Samba do Her\u00f3i<\/div>\n<div align=\"center\">Panos Quentes<\/div>\n<div align=\"center\">Sarda<\/div>\n<div align=\"center\">A Morte Passou por Perto<br \/><em><strong>Lado B<\/strong><\/em><br \/>Vendaval<\/div>\n<div align=\"center\">O Ponto<\/div>\n<div align=\"center\">H\u00e1 Tanto Tempo<\/div>\n<div align=\"center\">Coisas do Amor<\/div>\n<div align=\"center\">N\u00f3 na Garganta<\/div>\n<div align=\"center\">Sempre me Virando<\/div>\n<div align=\"center\"><\/div>\n<div align=\"center\"><\/div>\n","protected":false},"excerpt":{"rendered":"<p>Mais uma raridade que chega \u00e0 minhas m\u00e3os, ou melhor, aos meus ouvidos. Este \u00e9 um lp que n\u00e3o vejo a muito tempo, nem nos sebos onde costumo frequentar. Este \u00e9 o primeiro lp do compositor Carlinhos Vergueiro, que iniciou &hellip; <a href=\"https:\/\/www.toque-musicall.com\/?p=1996\">Continue lendo <span class=\"meta-nav\">&rarr;<\/span><\/a><\/p>\n","protected":false},"author":1,"featured_media":0,"comment_status":"open","ping_status":"closed","sticky":false,"template":"","format":"standard","meta":{"footnotes":""},"categories":[527],"tags":[],"class_list":["post-1996","post","type-post","status-publish","format-standard","hentry","category-carlinhos-vergueiro"],"_links":{"self":[{"href":"https:\/\/www.toque-musicall.com\/index.php?rest_route=\/wp\/v2\/posts\/1996","targetHints":{"allow":["GET"]}}],"collection":[{"href":"https:\/\/www.toque-musicall.com\/index.php?rest_route=\/wp\/v2\/posts"}],"about":[{"href":"https:\/\/www.toque-musicall.com\/index.php?rest_route=\/wp\/v2\/types\/post"}],"author":[{"embeddable":true,"href":"https:\/\/www.toque-musicall.com\/index.php?rest_route=\/wp\/v2\/users\/1"}],"replies":[{"embeddable":true,"href":"https:\/\/www.toque-musicall.com\/index.php?rest_route=%2Fwp%2Fv2%2Fcomments&post=1996"}],"version-history":[{"count":0,"href":"https:\/\/www.toque-musicall.com\/index.php?rest_route=\/wp\/v2\/posts\/1996\/revisions"}],"wp:attachment":[{"href":"https:\/\/www.toque-musicall.com\/index.php?rest_route=%2Fwp%2Fv2%2Fmedia&parent=1996"}],"wp:term":[{"taxonomy":"category","embeddable":true,"href":"https:\/\/www.toque-musicall.com\/index.php?rest_route=%2Fwp%2Fv2%2Fcategories&post=1996"},{"taxonomy":"post_tag","embeddable":true,"href":"https:\/\/www.toque-musicall.com\/index.php?rest_route=%2Fwp%2Fv2%2Ftags&post=1996"}],"curies":[{"name":"wp","href":"https:\/\/api.w.org\/{rel}","templated":true}]}}