{"id":1998,"date":"2007-10-13T00:42:00","date_gmt":"2007-10-13T00:42:00","guid":{"rendered":"http:\/\/www.toque-musicall.com\/?p=1998"},"modified":"2007-10-13T00:42:00","modified_gmt":"2007-10-13T00:42:00","slug":"guttemberg-guarabyra-1969","status":"publish","type":"post","link":"https:\/\/www.toque-musicall.com\/?p=1998","title":{"rendered":"Guttemberg Guarabyra (1969)"},"content":{"rendered":"<div align=\"left\"><a href=\"http:\/\/2.bp.blogspot.com\/_DSKVEvHtskc\/RxF7rIGWXxI\/AAAAAAAAAiQ\/KJEdsUIP_oY\/s1600-h\/Guttemberg_Guarabyra.jpg\"><img decoding=\"async\" id=\"BLOGGER_PHOTO_ID_5121010232135671570\" style=\"DISPLAY: block; MARGIN: 0px auto 10px; CURSOR: hand; TEXT-ALIGN: center\" alt=\"\" src=\"http:\/\/2.bp.blogspot.com\/_DSKVEvHtskc\/RxF7rIGWXxI\/AAAAAAAAAiQ\/KJEdsUIP_oY\/s400\/Guttemberg_Guarabyra.jpg\" border=\"0\" \/><\/a> Aqui um disco que eu gosto muito e por certo ir\u00e1 agradar aos que ainda n\u00e3o o conhece. Este \u00e9 o \u00e1lbum solo, primeiro lp, de Guarabyra &#8211; da dupla S\u00e1 &#038; Guarabyra ou do trio S\u00e1, Rodrix &#038; Guarabyra. O \u00e1lbum foi lan\u00e7ado em 1969 e traz m\u00fasicas de seus compactos, inclu\u00edndo faixas como &#8220;Casaco Marron&#8221; &#8211; uma parceria com Danilo Caymmi e Renato Correia dos Golden Boys &#8211; que foi sucesso na voz de Evinha (lembram dela?). No disco h\u00e1 tamb\u00e9m &#8220;Margarida&#8221;, vencedora do II Festival Internacional da Can\u00e7\u00e3o (fase nacional) de 1967 e de b\u00f4nus tem tamb\u00e9m aquele famoso jingle feito para a propaganda da Pepsi Cola. A m\u00fasica desse comercial fez tamb\u00e9m grande sucesso, todo mundo cantou&#8230; &#8220;s\u00f3 tem tem amor quem tem amor pra dar&#8230; n\u00f3s escolhemos Pepsi e ningu\u00e9m vai nos mudar.&#8221; <\/div>\n<div align=\"left\"><\/div>\n<div align=\"left\"><\/div>\n<div align=\"center\">Certas Coisas 2:00 <\/div>\n<div align=\"center\">da Vida 3:10<\/div>\n<div align=\"center\">\u00c9 Preciso Amar Muito Mais 3:26 <\/div>\n<div align=\"center\">Pronto Pra Consumo 2:58 <\/div>\n<div align=\"center\">O Olhar Deserto 3:03 <\/div>\n<div align=\"center\">Veleiros do Vento Norte 3:22 <\/div>\n<div align=\"center\">Radinho de Pilha 2:29 <\/div>\n<div align=\"center\">Senhora Senhorinha 3:41 <\/div>\n<div align=\"center\">O Primeiro bem 2:32 <\/div>\n<div align=\"center\">Casa Antiga 2:03 <\/div>\n<div align=\"center\">Casaco Marrom (Bye Bye Cecy) 3:02 <\/div>\n<div align=\"center\">Funeral 3:54 <\/div>\n<div align=\"center\"><\/div>\n<div align=\"center\"><\/div>\n","protected":false},"excerpt":{"rendered":"<p>Aqui um disco que eu gosto muito e por certo ir\u00e1 agradar aos que ainda n\u00e3o o conhece. Este \u00e9 o \u00e1lbum solo, primeiro lp, de Guarabyra &#8211; da dupla S\u00e1 &#038; Guarabyra ou do trio S\u00e1, Rodrix &#038; Guarabyra. &hellip; <a href=\"https:\/\/www.toque-musicall.com\/?p=1998\">Continue lendo <span class=\"meta-nav\">&rarr;<\/span><\/a><\/p>\n","protected":false},"author":1,"featured_media":0,"comment_status":"open","ping_status":"closed","sticky":false,"template":"","format":"standard","meta":{"footnotes":""},"categories":[944],"tags":[],"class_list":["post-1998","post","type-post","status-publish","format-standard","hentry","category-guttemberg-guarabyra"],"_links":{"self":[{"href":"https:\/\/www.toque-musicall.com\/index.php?rest_route=\/wp\/v2\/posts\/1998","targetHints":{"allow":["GET"]}}],"collection":[{"href":"https:\/\/www.toque-musicall.com\/index.php?rest_route=\/wp\/v2\/posts"}],"about":[{"href":"https:\/\/www.toque-musicall.com\/index.php?rest_route=\/wp\/v2\/types\/post"}],"author":[{"embeddable":true,"href":"https:\/\/www.toque-musicall.com\/index.php?rest_route=\/wp\/v2\/users\/1"}],"replies":[{"embeddable":true,"href":"https:\/\/www.toque-musicall.com\/index.php?rest_route=%2Fwp%2Fv2%2Fcomments&post=1998"}],"version-history":[{"count":0,"href":"https:\/\/www.toque-musicall.com\/index.php?rest_route=\/wp\/v2\/posts\/1998\/revisions"}],"wp:attachment":[{"href":"https:\/\/www.toque-musicall.com\/index.php?rest_route=%2Fwp%2Fv2%2Fmedia&parent=1998"}],"wp:term":[{"taxonomy":"category","embeddable":true,"href":"https:\/\/www.toque-musicall.com\/index.php?rest_route=%2Fwp%2Fv2%2Fcategories&post=1998"},{"taxonomy":"post_tag","embeddable":true,"href":"https:\/\/www.toque-musicall.com\/index.php?rest_route=%2Fwp%2Fv2%2Ftags&post=1998"}],"curies":[{"name":"wp","href":"https:\/\/api.w.org\/{rel}","templated":true}]}}