{"id":1999,"date":"2007-10-13T00:42:00","date_gmt":"2007-10-13T00:42:00","guid":{"rendered":"http:\/\/www.toque-musicall.com\/?p=1999"},"modified":"2007-10-13T00:42:00","modified_gmt":"2007-10-13T00:42:00","slug":"ze-coco-do-riachao-voo-das-garcas-1987","status":"publish","type":"post","link":"https:\/\/www.toque-musicall.com\/?p=1999","title":{"rendered":"Z\u00e9 C\u00f4co do Riach\u00e3o &#8211; Voo Das Gar\u00e7as (1987)"},"content":{"rendered":"<p><a href=\"http:\/\/4.bp.blogspot.com\/_DSKVEvHtskc\/RxPl0IGWX-I\/AAAAAAAAAj0\/qKSxhtnr5nA\/s1600-h\/z%C3%83%C2%A9+coco+do+riachao+p.JPG\"><img decoding=\"async\" id=\"BLOGGER_PHOTO_ID_5121689884940460002\" style=\"DISPLAY: block; MARGIN: 0px auto 10px; CURSOR: hand; TEXT-ALIGN: center\" alt=\"\" src=\"http:\/\/4.bp.blogspot.com\/_DSKVEvHtskc\/RxPl0IGWX-I\/AAAAAAAAAj0\/qKSxhtnr5nA\/s400\/z%C3%A9+coco+do+riachao+p.JPG\" border=\"0\" \/><\/a> Z\u00e9 C\u00f4co do Riach\u00e3o \u00e9 conhecido e admirado pelo Brasil afora como o \u201cartes\u00e3o de sons\u201d, e j\u00e1 foi chamado de \u201cBeethoven do Sert\u00e3o\u201d. Ele vem do sert\u00e3o de Minas Gerais, no Vale do S\u00e3o Francisco. Este disco foi lan\u00e7ado originalmente pelo Projeto Trem da Hist\u00f3ria, em 1987 e dez anos depois foi novamente reeditado em cd. O t\u00edtulo do lp \u00e9 uma homenagem ao povoado de S\u00e3o Pedro das Gar\u00e7as, onde morou por vinte tr\u00eas anos. Nesse trabalho, Z\u00e9 C\u00f4co se deu inteira liberdade para escolher o repert\u00f3rio, os arranjos e os m\u00fasicos convidados (Titane, Marku Ribas, entre outros&#8230;). Ele fez quest\u00e3o de utilizar os pr\u00f3prios instrumentos que fabricou. S\u00e3o 17 faixas, de onde brotam e afloram lund\u00fas, valseados, corta-jacas, mazurcas, guaianos, dobrados e calangos. <\/p>\n<div align=\"center\"> <\/div>\n<div align=\"center\"><\/div>\n<div align=\"center\">Minha viola e eu amanhecendo no sert\u00e3o (Z\u00e9 C\u00f4co do Riach\u00e3o)<br \/>N\u00e3o me deixe s\u00f3 (Z\u00e9 C\u00f4co do Riach\u00e3o)<br \/>V\u00f4o das gar\u00e7as (Z\u00e9 C\u00f4co do Riach\u00e3o)<br \/>Lundu jaca (Z\u00e9 C\u00f4co do Riach\u00e3o)<br \/>Alvoradinha (Z\u00e9 C\u00f4co do Riach\u00e3o)<br \/>Ping-Pong (Z\u00e9 C\u00f4co do Riach\u00e3o)<br \/>Sapateio no lundu (Z\u00e9 C\u00f4co do Riach\u00e3o)<br \/>Dia dos pais (Z\u00e9 C\u00f4co do Riach\u00e3o)<br \/>Desafio (Z\u00e9 C\u00f4co do Riach\u00e3o)<br \/>Forr\u00f3 do Z\u00e9 (Z\u00e9 C\u00f4co do Riach\u00e3o)<br \/>Homenagem a S\u00e3o Pedro (Z\u00e9 C\u00f4co do Riach\u00e3o)<br \/>Cip\u00f3 de Macaco (Z\u00e9 C\u00f4co do Riach\u00e3o)<br \/>Dobrado pra Jo\u00e3o Fumim (Z\u00e9 C\u00f4co do Riach\u00e3o)<br \/>Canela de Arubu (DP recolhido e adaptado por Z\u00e9 C\u00f4co do Riach\u00e3o)<br \/>Moda pra Jo\u00e3o de Irene (Z\u00e9 C\u00f4co do Riach\u00e3o)<br \/>Amanhecendo no sert\u00e3o (Z\u00e9 C\u00f4co do Riach\u00e3o)<br \/>Minha viola e eu (Z\u00e9 C\u00f4co do Riach\u00e3o) <\/div>\n<div align=\"center\"><\/div>\n<div align=\"center\"><\/div>\n","protected":false},"excerpt":{"rendered":"<p>Z\u00e9 C\u00f4co do Riach\u00e3o \u00e9 conhecido e admirado pelo Brasil afora como o \u201cartes\u00e3o de sons\u201d, e j\u00e1 foi chamado de \u201cBeethoven do Sert\u00e3o\u201d. Ele vem do sert\u00e3o de Minas Gerais, no Vale do S\u00e3o Francisco. Este disco foi lan\u00e7ado &hellip; <a href=\"https:\/\/www.toque-musicall.com\/?p=1999\">Continue lendo <span class=\"meta-nav\">&rarr;<\/span><\/a><\/p>\n","protected":false},"author":1,"featured_media":0,"comment_status":"open","ping_status":"closed","sticky":false,"template":"","format":"standard","meta":{"footnotes":""},"categories":[1886],"tags":[],"class_list":["post-1999","post","type-post","status-publish","format-standard","hentry","category-ze-coco-do-riachao"],"_links":{"self":[{"href":"https:\/\/www.toque-musicall.com\/index.php?rest_route=\/wp\/v2\/posts\/1999","targetHints":{"allow":["GET"]}}],"collection":[{"href":"https:\/\/www.toque-musicall.com\/index.php?rest_route=\/wp\/v2\/posts"}],"about":[{"href":"https:\/\/www.toque-musicall.com\/index.php?rest_route=\/wp\/v2\/types\/post"}],"author":[{"embeddable":true,"href":"https:\/\/www.toque-musicall.com\/index.php?rest_route=\/wp\/v2\/users\/1"}],"replies":[{"embeddable":true,"href":"https:\/\/www.toque-musicall.com\/index.php?rest_route=%2Fwp%2Fv2%2Fcomments&post=1999"}],"version-history":[{"count":1,"href":"https:\/\/www.toque-musicall.com\/index.php?rest_route=\/wp\/v2\/posts\/1999\/revisions"}],"predecessor-version":[{"id":11188,"href":"https:\/\/www.toque-musicall.com\/index.php?rest_route=\/wp\/v2\/posts\/1999\/revisions\/11188"}],"wp:attachment":[{"href":"https:\/\/www.toque-musicall.com\/index.php?rest_route=%2Fwp%2Fv2%2Fmedia&parent=1999"}],"wp:term":[{"taxonomy":"category","embeddable":true,"href":"https:\/\/www.toque-musicall.com\/index.php?rest_route=%2Fwp%2Fv2%2Fcategories&post=1999"},{"taxonomy":"post_tag","embeddable":true,"href":"https:\/\/www.toque-musicall.com\/index.php?rest_route=%2Fwp%2Fv2%2Ftags&post=1999"}],"curies":[{"name":"wp","href":"https:\/\/api.w.org\/{rel}","templated":true}]}}