{"id":200,"date":"2011-12-26T13:24:00","date_gmt":"2011-12-26T13:24:00","guid":{"rendered":"http:\/\/www.toque-musicall.com\/?p=200"},"modified":"2014-02-23T12:33:40","modified_gmt":"2014-02-23T15:33:40","slug":"grand","status":"publish","type":"post","link":"https:\/\/www.toque-musicall.com\/?p=200","title":{"rendered":"Janu\u00e1rio De Oliveira, Quinteto Instrumental Columbia, Sirlene Brand\u00e3o Nery &#8211; Sele\u00e7\u00e3o 78 RPM Do Toque Musical &#8211; Vol. 5 (2011)"},"content":{"rendered":"<p><a href=\"http:\/\/4.bp.blogspot.com\/-DB6W3-EwRB8\/Tvh19LzRq6I\/AAAAAAAAAvc\/Qz-uOaRwWQg\/s1600\/GRB5+P.JPG\"><img decoding=\"async\" style=\"display: block; margin: 0px auto 10px; text-align: center; cursor: hand; width: 400px; height: 400px;\" alt=\"\" src=\"http:\/\/4.bp.blogspot.com\/-DB6W3-EwRB8\/Tvh19LzRq6I\/AAAAAAAAAvc\/Qz-uOaRwWQg\/s400\/GRB5+P.JPG\" border=\"0\" \/><\/a><\/p>\n<p><span class=\"Apple-style-span\" style=\"font-weight: normal;\"><span class=\"Apple-style-span\" style=\"font-weight: normal;\"><span class=\"Apple-style-span\" style=\"line-height: 16px; font-family: arial; font-size: 13px;\"><span class=\"apple-style-span\">Em sua quinta edi\u00e7\u00e3o, o Grand Record Brazil nos leva ao in\u00edcio das atividades da gravadora Columbia. Na verdade, a Columbia, firma de origem americana, era representada, nessa \u00e9poca, pela empresa Byington &amp; Cia., e tal concess\u00e3o s\u00f3 foi poss\u00edvel gra\u00e7as ao empenho do tamb\u00e9m americano Wallace Downey, mais tarde produtor de filmes musicais para a Cin\u00e9dia. Desta fase, oGRB nos apresenta seis rar\u00edssimas grava\u00e7\u00f5es. A primeira \u00e9 do disco 5108, matriz 380338 (repare que nessa \u00e9poca, o n\u00famero de cat\u00e1logo dos discos Columbia era seguido da letra B, em ambos os lados, e este na verdade \u00e9 o lado A), lan\u00e7ado em outubro de 1929, apresentando a valsa \u201cPiraporinha\u201d, de Alberto Candel\u00edzio, executada pelo Quinteto Instrumental Columbia. Esse disco seria relan\u00e7ado mais tarde, em 1939, com o n\u00famero 55053. No verso, matriz 380339, temos a \u201cValsinha sertaneja\u201d, de autor desconhecido. Em seguida, um disco de Janu\u00e1rio de Oliveira (Rio de Janeiro, 1902-S\u00e3o Paulo, 1963). Sua discografia \u00e9 quase toda na Columbia, com passagens pela Victor e Arte-Fone, num total de 59 discos com 103 m\u00fasicas, entre elas a marchinhacarnavalesca \u201cQuebra, quebra, gabiroba\u201d , o motivo folcl\u00f3rico \u201cEngenho novo\u201d e a valsa \u201cCau\u00e3\u201d, esta \u00faltima de Sinh\u00f4. Janu\u00e1rio aqui comparece com o disco 5208, e dois sambas. De um lado, matriz 380659, \u201cFalsa jura\u201d, de Pedro de S\u00e1 Pereira, tamb\u00e9m autor da cl\u00e1ssica modinha \u201cChu\u00e1,chu\u00e1\u201d. No verso, matriz 380660, \u201cMacumbeiro\u201d, composi\u00e7\u00e3o de M\u00edlton Amaral, autor tamb\u00e9m da c\u00e9lebre valsa \u201cFolhas ao vento\u201d. No acompanhamento, a Jazz-Band Columbia, liderada pelo maestro e pianista Ga\u00f3 (Odmar Amaral Gurgel, 1909-1994), paulista de Salto. Foi lan\u00e7ado emjunho de 1930. Para encerrar, temos um rar\u00edssimo disco gravado por Silene Brand\u00e3o Nery, filha da pianista Am\u00e9lia Brand\u00e3o Nery, mais conhecida por Tia Am\u00e9lia. Ela s\u00f3 gravou dois 78 rpm para o carnaval de 1932, lan\u00e7ados bem em cima da folia, em fevereiro: um pela Victor e este pelaColumbia, todos interpretando composi\u00e7\u00f5es da \u201cm\u00e3ezona\u201d Tia Am\u00e9lia. Aqui ela interpreta de um lado, matriz 381155, a marchinha \u201cN\u00e3o v\u00e1\u201d, e no verso, matriz 381156, o samba \u201cRetic\u00eancias&#8230;\u201d. Em ambos os lados, ela \u00e9 acompanhada pela orquestra do maestro palestino Simon Bountman, que gravava na Odeon como Grupo Cassino Copacabana, Orquestra Pan American e OrquestraCopacabana. Na Parlophon, subsidi\u00e1ria da Odeon, gravava com o nome de Orquestra Parlophon(\u00e9 claro), e na Columbia como \u201cSim\u00e3o e sua Orquestra Columbia\u201d. Quer dizer, todas eram a mesm\u00edssima orquestra&#8230; Enfim, mais tr\u00eas preciosidades para colecionadores que o GRB nos apresenta. Os irm\u00e3os Byington continuaram representando a Columbia americana at\u00e9 1943, quando perderam a concess\u00e3o da mesma para a Odeon, e isso levou o ent\u00e3o diretor art\u00edstico da gravadora, Jo\u00e3o \u201cBraguinha\u201d de Barro, a criar um novo selo: Continental. E a matriz americana voltou ao Brasil, desta vez por conta pr\u00f3pria, em 1953, transformando-se depois na CBS\u00a0<\/span><span class=\"apple-style-span\">e convertendo-se na atual Sony Music.<\/span><\/span><\/span><\/span><\/p>\n<div style=\"font-family: Verdana, Arial, sans-serif; font-size: 13px; margin-top: 0px; margin-right: 0px; margin-bottom: 0.75em; margin-left: 0px; line-height: 1.3em;\"><span class=\"Apple-style-span\"><span class=\"apple-style-span\"><span style=\"font-family: arial; font-size: 13px;\">\u00a0<\/span><\/span><\/span><\/div>\n<div style=\"font-family: Verdana, Arial, sans-serif; font-size: 13px; margin-top: 0px; margin-right: 0px; margin-bottom: 0.75em; margin-left: 0px; line-height: 1.3em; text-align: center;\"><span class=\"Apple-style-span\"><span class=\"apple-style-span\"><span style=\"font-family: arial; font-size: 13px;\">macumbeiro &#8211; janu\u00e1rio de oliveira e jazz band columbia<\/span><\/span><\/span><\/div>\n<div style=\"font-family: Verdana, Arial, sans-serif; font-size: 13px; margin-top: 0px; margin-right: 0px; margin-bottom: 0.75em; margin-left: 0px; line-height: 1.3em; text-align: center;\"><span class=\"Apple-style-span\"><span class=\"apple-style-span\"><span style=\"font-family: arial; font-size: 13px;\">falsa jura &#8211; janu\u00e1rio de oliveira e jazz band columbia<\/span><\/span><\/span><\/div>\n<div style=\"font-family: Verdana, Arial, sans-serif; font-size: 13px; margin-top: 0px; margin-right: 0px; margin-bottom: 0.75em; margin-left: 0px; line-height: 1.3em; text-align: center;\"><span class=\"Apple-style-span\"><span class=\"apple-style-span\"><span style=\"font-family: arial; font-size: 13px;\">valsinha sertaneja &#8211; quinteto instrumental columbia<\/span><\/span><\/span><\/div>\n<div style=\"font-family: Verdana, Arial, sans-serif; font-size: 13px; margin-top: 0px; margin-right: 0px; margin-bottom: 0.75em; margin-left: 0px; line-height: 1.3em; text-align: center;\"><span class=\"Apple-style-span\"><span class=\"apple-style-span\"><span style=\"font-family: arial; font-size: 13px;\">piraporinha &#8211; quinteto instrumental columbia<\/span><\/span><\/span><\/div>\n<div style=\"font-family: Verdana, Arial, sans-serif; font-size: 13px; margin-top: 0px; margin-right: 0px; margin-bottom: 0.75em; margin-left: 0px; line-height: 1.3em; text-align: center;\"><span class=\"Apple-style-span\"><span class=\"apple-style-span\"><span style=\"font-family: arial; font-size: 13px;\">n\u00e3o v\u00e1 &#8211; silene brand\u00e3o nery<\/span><\/span><\/span><\/div>\n<div style=\"font-family: Verdana, Arial, sans-serif; font-size: 13px; margin-top: 0px; margin-right: 0px; margin-bottom: 0.75em; margin-left: 0px; line-height: 1.3em; text-align: center;\"><span class=\"Apple-style-span\"><span class=\"apple-style-span\"><span style=\"font-family: arial; font-size: 13px;\">retic\u00eancias &#8211; silene brand\u00e3o nery<\/span><\/span><\/span><\/div>\n<div style=\"font-family: Verdana, Arial, sans-serif; font-size: 13px; margin-top: 0px; margin-right: 0px; margin-bottom: 0.75em; margin-left: 0px; line-height: 1.3em; text-align: center;\"><\/div>\n<div style=\"font-family: Verdana, Arial, sans-serif; font-size: 13px; margin-top: 0px; margin-right: 0px; margin-bottom: 0.75em; margin-left: 0px; line-height: 1.3em; text-align: left;\">* Texto de SAMUEL MACHADO FILHO<\/div>\n<div style=\"font-family: Verdana, Arial, sans-serif; font-size: 13px; margin-top: 0px; margin-right: 0px; margin-bottom: 0.75em; margin-left: 0px; line-height: 1.3em; text-align: center;\"><span class=\"Apple-style-span\" style=\"font-family: georgia; font-size: medium;\"><span class=\"apple-style-span\">\u00a0<\/span><\/span><\/div>\n","protected":false},"excerpt":{"rendered":"<p>Em sua quinta edi\u00e7\u00e3o, o Grand Record Brazil nos leva ao in\u00edcio das atividades da gravadora Columbia. Na verdade, a Columbia, firma de origem americana, era representada, nessa \u00e9poca, pela empresa Byington &amp; Cia., e tal concess\u00e3o s\u00f3 foi poss\u00edvel &hellip; <a href=\"https:\/\/www.toque-musicall.com\/?p=200\">Continue lendo <span class=\"meta-nav\">&rarr;<\/span><\/a><\/p>\n","protected":false},"author":1,"featured_media":0,"comment_status":"open","ping_status":"closed","sticky":false,"template":"","format":"standard","meta":{"footnotes":""},"categories":[366,365,13,2332],"tags":[],"class_list":["post-200","post","type-post","status-publish","format-standard","hentry","category-januario-de-oliveira","category-quinteto-instrumental-columbia","category-selo-grand-record-brazil","category-silene-brandao-nery"],"_links":{"self":[{"href":"https:\/\/www.toque-musicall.com\/index.php?rest_route=\/wp\/v2\/posts\/200","targetHints":{"allow":["GET"]}}],"collection":[{"href":"https:\/\/www.toque-musicall.com\/index.php?rest_route=\/wp\/v2\/posts"}],"about":[{"href":"https:\/\/www.toque-musicall.com\/index.php?rest_route=\/wp\/v2\/types\/post"}],"author":[{"embeddable":true,"href":"https:\/\/www.toque-musicall.com\/index.php?rest_route=\/wp\/v2\/users\/1"}],"replies":[{"embeddable":true,"href":"https:\/\/www.toque-musicall.com\/index.php?rest_route=%2Fwp%2Fv2%2Fcomments&post=200"}],"version-history":[{"count":3,"href":"https:\/\/www.toque-musicall.com\/index.php?rest_route=\/wp\/v2\/posts\/200\/revisions"}],"predecessor-version":[{"id":3954,"href":"https:\/\/www.toque-musicall.com\/index.php?rest_route=\/wp\/v2\/posts\/200\/revisions\/3954"}],"wp:attachment":[{"href":"https:\/\/www.toque-musicall.com\/index.php?rest_route=%2Fwp%2Fv2%2Fmedia&parent=200"}],"wp:term":[{"taxonomy":"category","embeddable":true,"href":"https:\/\/www.toque-musicall.com\/index.php?rest_route=%2Fwp%2Fv2%2Fcategories&post=200"},{"taxonomy":"post_tag","embeddable":true,"href":"https:\/\/www.toque-musicall.com\/index.php?rest_route=%2Fwp%2Fv2%2Ftags&post=200"}],"curies":[{"name":"wp","href":"https:\/\/api.w.org\/{rel}","templated":true}]}}