{"id":2002,"date":"2007-10-11T17:48:00","date_gmt":"2007-10-11T17:48:00","guid":{"rendered":"http:\/\/www.toque-musicall.com\/?p=2002"},"modified":"2007-10-11T17:48:00","modified_gmt":"2007-10-11T17:48:00","slug":"os-sambeatles-1965","status":"publish","type":"post","link":"https:\/\/www.toque-musicall.com\/?p=2002","title":{"rendered":"Os Sambeatles (1965)"},"content":{"rendered":"<p><a href=\"http:\/\/3.bp.blogspot.com\/_DSKVEvHtskc\/Rw5ieR3lx0I\/AAAAAAAAAiA\/EMUnAne1VR8\/s1600-h\/Os+Sambeatles+-+Os+Sambeatles+(1966).jpg\"><img decoding=\"async\" id=\"BLOGGER_PHOTO_ID_5120138098698995522\" style=\"DISPLAY: block; MARGIN: 0px auto 10px; CURSOR: hand; TEXT-ALIGN: center\" alt=\"\" src=\"http:\/\/3.bp.blogspot.com\/_DSKVEvHtskc\/Rw5ieR3lx0I\/AAAAAAAAAiA\/EMUnAne1VR8\/s400\/Os%252BSambeatles%252B-%252BOs%252BSambeatles%252B(1966).jpg\" border=\"0\" \/><\/a>Para encerramos a semana do rock, achei que seria interessante postar este disquinho. N\u00e3o \u00e9 exatamente rock, mas refere-se a ele, evidentemente aos Beatles. Aqui temos uma re-leitura de algumas p\u00e9rolas dos Fab Four em ritmo de bossa e jazz. Muito bacana. Eu ouvi alguma coisa, mas n\u00e3o conhecia o disco. Segundo contam, Os Sambeatles foi o nome usado pelo trio de Manfredo Fest para gravar o disco. Quem ainda n\u00e3o conhece, vale a pena conferir. O toque \u00e9 este.<\/p>\n<div><\/div>\n<div><\/div>\n","protected":false},"excerpt":{"rendered":"<p>Para encerramos a semana do rock, achei que seria interessante postar este disquinho. N\u00e3o \u00e9 exatamente rock, mas refere-se a ele, evidentemente aos Beatles. Aqui temos uma re-leitura de algumas p\u00e9rolas dos Fab Four em ritmo de bossa e jazz. &hellip; <a href=\"https:\/\/www.toque-musicall.com\/?p=2002\">Continue lendo <span class=\"meta-nav\">&rarr;<\/span><\/a><\/p>\n","protected":false},"author":1,"featured_media":0,"comment_status":"open","ping_status":"closed","sticky":false,"template":"","format":"standard","meta":{"footnotes":""},"categories":[838,1876,1887,439],"tags":[],"class_list":["post-2002","post","type-post","status-publish","format-standard","hentry","category-manfredo-fest","category-os-reis-do-batuque","category-os-sambeatles","category-selo-fermata"],"_links":{"self":[{"href":"https:\/\/www.toque-musicall.com\/index.php?rest_route=\/wp\/v2\/posts\/2002","targetHints":{"allow":["GET"]}}],"collection":[{"href":"https:\/\/www.toque-musicall.com\/index.php?rest_route=\/wp\/v2\/posts"}],"about":[{"href":"https:\/\/www.toque-musicall.com\/index.php?rest_route=\/wp\/v2\/types\/post"}],"author":[{"embeddable":true,"href":"https:\/\/www.toque-musicall.com\/index.php?rest_route=\/wp\/v2\/users\/1"}],"replies":[{"embeddable":true,"href":"https:\/\/www.toque-musicall.com\/index.php?rest_route=%2Fwp%2Fv2%2Fcomments&post=2002"}],"version-history":[{"count":0,"href":"https:\/\/www.toque-musicall.com\/index.php?rest_route=\/wp\/v2\/posts\/2002\/revisions"}],"wp:attachment":[{"href":"https:\/\/www.toque-musicall.com\/index.php?rest_route=%2Fwp%2Fv2%2Fmedia&parent=2002"}],"wp:term":[{"taxonomy":"category","embeddable":true,"href":"https:\/\/www.toque-musicall.com\/index.php?rest_route=%2Fwp%2Fv2%2Fcategories&post=2002"},{"taxonomy":"post_tag","embeddable":true,"href":"https:\/\/www.toque-musicall.com\/index.php?rest_route=%2Fwp%2Fv2%2Ftags&post=2002"}],"curies":[{"name":"wp","href":"https:\/\/api.w.org\/{rel}","templated":true}]}}