{"id":2003,"date":"2007-10-11T16:36:00","date_gmt":"2007-10-11T16:36:00","guid":{"rendered":"http:\/\/www.toque-musicall.com\/?p=2003"},"modified":"2007-10-11T16:36:00","modified_gmt":"2007-10-11T16:36:00","slug":"o-terco-1970","status":"publish","type":"post","link":"https:\/\/www.toque-musicall.com\/?p=2003","title":{"rendered":"O Ter\u00e7o (1970)"},"content":{"rendered":"<p><img decoding=\"async\" id=\"BLOGGER_PHOTO_ID_5337107867017959842\" style=\"DISPLAY: block; MARGIN: 0px auto 10px; WIDTH: 400px; CURSOR: hand; HEIGHT: 400px; TEXT-ALIGN: center\" alt=\"\" src=\"http:\/\/3.bp.blogspot.com\/_DSKVEvHtskc\/ShE3U-2MWaI\/AAAAAAAAD18\/3tuap_eGvsY\/s400\/O+Ter%C3%A7o+P.JPG\" border=\"0\" \/>Antes que a semana do rock aqui no Toque Musical acabe, quero postar mais alguns que j\u00e1 estavam listados. Vamos agora com outra banda, O Ter\u00e7o. Um grupo acima da m\u00e9dia, que est\u00e1 na estrada desde 1969. Concebido para ser um trio (da\u00ed a origem do nome, uma tr\u00edade), o grupo era formado por S\u00e9rgio Hinds, Vin\u00edcius Cantu\u00e1ria e Cesar Merc\u00eas. Este \u00faltimo viria a ser substituido por Jorge Amiden ao lan\u00e7arem este que foi o primeiro LP, em 1970. Um trabalho que apresenta um rock b\u00e1sico tipo anos 50 e 60, com leves pitadas progressivas. O grupo escandalizou alguns cat\u00f3licos ter\u00e7o fan\u00e1ticos, ao posarem de jeans, camisetas e descal\u00e7os dentro de uma igreja para a foto da capa. O Ter\u00e7o foi sem d\u00favida uma das maiores bandas de rock que j\u00e1 tivemos. O \u00e1pice, ao meu ver, foi no disco &#8220;Criaturas da noite&#8221;, com o Fl\u00e1vio Venturini e Magr\u00e3o no time. Infelizmente, com as diversas mudan\u00e7as sofridas ao longo do tempo, a banda foi perdendo seu encanto. A persist\u00eancia do S\u00e9rgio Hinds acabou levando o Ter\u00e7o para um arremedo de si mesmo. Me parece que em 2005 eles voltaram com essa forma\u00e7\u00e3o de 30 anos atr\u00e1s (S\u00e9rgio, Fl\u00e1vio e Magr\u00e3o) para fazerem algumas apresenta\u00e7\u00f5es. Acho que rolou um disco tamb\u00e9m, mas essa est\u00f3ria fica para uma outra oportunidade. Segue aqui ent\u00e3o o \u00e1lbum de 70 e de b\u00f4nus est\u00e3o inclu\u00eddas as faixas do compacto que saiu em 1971.<\/p>\n<div><\/div>\n<p><\/p>\n<div align=\"center\">n\u00e3 <\/div>\n<div align=\"center\">plaxe voador<\/div>\n<div align=\"center\">yes, I do<\/div>\n<div align=\"center\">longe sem dire\u00e7\u00e3o<\/div>\n<div align=\"center\">flauta<\/div>\n<div align=\"center\">i need you <\/div>\n<div align=\"center\">antes de voc\u00ea&#8230; eu<\/div>\n<div align=\"center\">imagem<\/div>\n<div align=\"center\">meia-noite <\/div>\n<div align=\"center\">saturday dream <\/div>\n<div align=\"center\">velhas hist\u00f3rias <\/div>\n<div align=\"center\">oh! suzana<br \/><em><strong><\/strong><\/em><\/div>\n<div align=\"center\"><em><strong>bonus<\/strong><\/em><\/div>\n<div align=\"center\">o visitante<\/div>\n<div align=\"center\">adormeceu<\/div>\n<div align=\"center\">doze avisos<\/div>\n<div align=\"center\">mero ouvinte<\/div>\n<div align=\"center\">trecho da \u00e1ria extra\u00edda da su\u00edte em r\u00e9 maior<\/div>\n<div align=\"center\">tributo ao sorriso<\/div>\n<div align=\"center\">saturday Dream (Ao Vivo)<\/div>\n<p><\/p>\n<div align=\"center\"><\/div>\n<p><\/p>\n<div align=\"center\"><\/div>\n","protected":false},"excerpt":{"rendered":"<p>Antes que a semana do rock aqui no Toque Musical acabe, quero postar mais alguns que j\u00e1 estavam listados. Vamos agora com outra banda, O Ter\u00e7o. Um grupo acima da m\u00e9dia, que est\u00e1 na estrada desde 1969. Concebido para ser &hellip; <a href=\"https:\/\/www.toque-musicall.com\/?p=2003\">Continue lendo <span class=\"meta-nav\">&rarr;<\/span><\/a><\/p>\n","protected":false},"author":1,"featured_media":0,"comment_status":"open","ping_status":"closed","sticky":false,"template":"","format":"standard","meta":{"footnotes":""},"categories":[918],"tags":[],"class_list":["post-2003","post","type-post","status-publish","format-standard","hentry","category-o-terco"],"_links":{"self":[{"href":"https:\/\/www.toque-musicall.com\/index.php?rest_route=\/wp\/v2\/posts\/2003","targetHints":{"allow":["GET"]}}],"collection":[{"href":"https:\/\/www.toque-musicall.com\/index.php?rest_route=\/wp\/v2\/posts"}],"about":[{"href":"https:\/\/www.toque-musicall.com\/index.php?rest_route=\/wp\/v2\/types\/post"}],"author":[{"embeddable":true,"href":"https:\/\/www.toque-musicall.com\/index.php?rest_route=\/wp\/v2\/users\/1"}],"replies":[{"embeddable":true,"href":"https:\/\/www.toque-musicall.com\/index.php?rest_route=%2Fwp%2Fv2%2Fcomments&post=2003"}],"version-history":[{"count":0,"href":"https:\/\/www.toque-musicall.com\/index.php?rest_route=\/wp\/v2\/posts\/2003\/revisions"}],"wp:attachment":[{"href":"https:\/\/www.toque-musicall.com\/index.php?rest_route=%2Fwp%2Fv2%2Fmedia&parent=2003"}],"wp:term":[{"taxonomy":"category","embeddable":true,"href":"https:\/\/www.toque-musicall.com\/index.php?rest_route=%2Fwp%2Fv2%2Fcategories&post=2003"},{"taxonomy":"post_tag","embeddable":true,"href":"https:\/\/www.toque-musicall.com\/index.php?rest_route=%2Fwp%2Fv2%2Ftags&post=2003"}],"curies":[{"name":"wp","href":"https:\/\/api.w.org\/{rel}","templated":true}]}}