{"id":2005,"date":"2007-10-10T17:56:00","date_gmt":"2007-10-10T17:56:00","guid":{"rendered":"http:\/\/www.toque-musicall.com\/?p=2005"},"modified":"2007-10-10T17:56:00","modified_gmt":"2007-10-10T17:56:00","slug":"os-lobos-miragem-1971","status":"publish","type":"post","link":"https:\/\/www.toque-musicall.com\/?p=2005","title":{"rendered":"Os Lobos &#8211; Miragem (1971)"},"content":{"rendered":"<p><a href=\"http:\/\/3.bp.blogspot.com\/_DSKVEvHtskc\/Rw0Sqh3lxxI\/AAAAAAAAAhg\/4e7RQO6hLs0\/s1600-h\/lobos%5B1%5D.jpg\"><img decoding=\"async\" id=\"BLOGGER_PHOTO_ID_5119768873245460242\" style=\"DISPLAY: block; MARGIN: 0px auto 10px; CURSOR: hand; TEXT-ALIGN: center\" alt=\"\" src=\"http:\/\/3.bp.blogspot.com\/_DSKVEvHtskc\/Rw0Sqh3lxxI\/AAAAAAAAAhg\/4e7RQO6hLs0\/s400\/lobos%5B1%5D.jpg\" border=\"0\" \/><\/a>Me lembro do quanto esta capa fazia sucesso entre meu grupo de jovens amigos, bem mais que o pr\u00f3prio disco. A primeira vez que vimos este lp com um olh\u00e3o na capa, pesavamos que ser tratasse de uma banda internacional. Bem maneira&#8230; Os Lobos surgiram em Niteroi, RJ, no final dos anos 60. Na forma\u00e7\u00e3o da banda destaca-se o cantor e compositor Dalton que veio a fazer sucesso nos anos 80 e 90. Lan\u00e7aram este que foi o primeiro lp em 71 e no ano seguinte, o grupo participou do Festival Internacional da Can\u00e7\u00e3o, classificando-se entre os dez finalistas com &#8220;Eu sou eu, Nicuri \u00e9 o diabo&#8221; de Raul Seixas. Embora num passado a capa me atra\u00edsse mais que o disco, hoje posso dizer com certeza que \u00e9 o inverso. O disco \u00e9 muito bom e ainda est\u00e3o inclu\u00eddos como bonus, as m\u00fasicas dos primeiros compactos, seguindo a cartilha dos Mutantes.<\/p>\n<div align=\"center\">01. Seu Lobo<\/div>\n<div align=\"center\">02. O Homem de Neanderthall<\/div>\n<div align=\"center\">03. Avenida Central<\/div>\n<div align=\"center\">04. Meu Amor Por Cristina<\/div>\n<div align=\"center\">05. You<\/div>\n<div align=\"center\">06. Miragem<\/div>\n<div align=\"center\">07. Santa Teresa<\/div>\n<div align=\"center\">08. Dorot\u00e9ia<\/div>\n<div align=\"center\">09. Carro Branco<\/div>\n<div align=\"center\">10. Pasta Dental Sabor Chicletes<\/div>\n<div align=\"center\">11. Cristina (bonus)<\/div>\n<div align=\"center\">12. S\u00f3 Vejo Voc\u00ea (bonus)<\/div>\n<div align=\"center\">13. Cabine Classe A (bonus)<\/div>\n<div align=\"center\">14. Fanny (bonus)<\/div>\n<div align=\"center\"><\/div>\n<div align=\"center\"><\/div>\n","protected":false},"excerpt":{"rendered":"<p>Me lembro do quanto esta capa fazia sucesso entre meu grupo de jovens amigos, bem mais que o pr\u00f3prio disco. A primeira vez que vimos este lp com um olh\u00e3o na capa, pesavamos que ser tratasse de uma banda internacional. &hellip; <a href=\"https:\/\/www.toque-musicall.com\/?p=2005\">Continue lendo <span class=\"meta-nav\">&rarr;<\/span><\/a><\/p>\n","protected":false},"author":1,"featured_media":0,"comment_status":"open","ping_status":"closed","sticky":false,"template":"","format":"standard","meta":{"footnotes":""},"categories":[1889],"tags":[],"class_list":["post-2005","post","type-post","status-publish","format-standard","hentry","category-os-lobos"],"_links":{"self":[{"href":"https:\/\/www.toque-musicall.com\/index.php?rest_route=\/wp\/v2\/posts\/2005","targetHints":{"allow":["GET"]}}],"collection":[{"href":"https:\/\/www.toque-musicall.com\/index.php?rest_route=\/wp\/v2\/posts"}],"about":[{"href":"https:\/\/www.toque-musicall.com\/index.php?rest_route=\/wp\/v2\/types\/post"}],"author":[{"embeddable":true,"href":"https:\/\/www.toque-musicall.com\/index.php?rest_route=\/wp\/v2\/users\/1"}],"replies":[{"embeddable":true,"href":"https:\/\/www.toque-musicall.com\/index.php?rest_route=%2Fwp%2Fv2%2Fcomments&post=2005"}],"version-history":[{"count":0,"href":"https:\/\/www.toque-musicall.com\/index.php?rest_route=\/wp\/v2\/posts\/2005\/revisions"}],"wp:attachment":[{"href":"https:\/\/www.toque-musicall.com\/index.php?rest_route=%2Fwp%2Fv2%2Fmedia&parent=2005"}],"wp:term":[{"taxonomy":"category","embeddable":true,"href":"https:\/\/www.toque-musicall.com\/index.php?rest_route=%2Fwp%2Fv2%2Fcategories&post=2005"},{"taxonomy":"post_tag","embeddable":true,"href":"https:\/\/www.toque-musicall.com\/index.php?rest_route=%2Fwp%2Fv2%2Ftags&post=2005"}],"curies":[{"name":"wp","href":"https:\/\/api.w.org\/{rel}","templated":true}]}}