{"id":2008,"date":"2007-10-09T00:51:00","date_gmt":"2007-10-09T00:51:00","guid":{"rendered":"http:\/\/www.toque-musicall.com\/?p=2008"},"modified":"2007-10-09T00:51:00","modified_gmt":"2007-10-09T00:51:00","slug":"silvinha-1971","status":"publish","type":"post","link":"https:\/\/www.toque-musicall.com\/?p=2008","title":{"rendered":"Silvinha (1971)"},"content":{"rendered":"<p><a href=\"http:\/\/3.bp.blogspot.com\/_DSKVEvHtskc\/Rww0Cx3lxuI\/AAAAAAAAAhA\/hJeZNFX3rJM\/s1600-h\/silvinha.JPG\"><img decoding=\"async\" id=\"BLOGGER_PHOTO_ID_5119524098764293858\" style=\"DISPLAY: block; MARGIN: 0px auto 10px; CURSOR: hand; TEXT-ALIGN: center\" alt=\"\" src=\"http:\/\/3.bp.blogspot.com\/_DSKVEvHtskc\/Rww0Cx3lxuI\/AAAAAAAAAhA\/hJeZNFX3rJM\/s400\/silvinha.JPG\" border=\"0\" \/><\/a>Mineirinha da cidade de Mariana, Silvinha \u00e9 uma cantora que surgiu em 1967, lan\u00e7ada no programa do Chacrinha. Participou de diversos programas musicais na televis\u00e3o, tendo tamb\u00e9m seu pr\u00f3prio programa, &#8220;O Bom&#8221;, no qual ela se apresentava ao lado de Eduardo Ara\u00fajo, que veio a ser depois o seu marido. Gravou tr\u00eas lps na Odeon, nos anos de 1968, 1969 e este que apresento, de1971. Tornou-se uma das mais requisitadas cantoras de est\u00fadio do Brasil, gravando em dupla com v\u00e1rios artistas, inclusive com o marid\u00e3o Eduardo Ara\u00fajo. Embora n\u00e3o sendo exatamente uma maravilha, este disco \u00e9 mais um que reflete bem o clima do in\u00edcio dos anos 70. Vale o toque, vale conferir&#8230;<\/p>\n<div align=\"center\">01. Voce J\u00e1 Morreu e Se Esqueceu de Deitar<\/div>\n<div align=\"center\">02. O Que Fazer para Te Esquecer<\/div>\n<div align=\"center\">03. Estou Pedindo Baby<\/div>\n<div align=\"center\">04. Deixa a Cinza Deste Inverno Passar<\/div>\n<div align=\"center\">05. Pr\u00e1 Toda a Gera\u00e7\u00e3o<\/div>\n<div align=\"center\">06. Para\u00edba<\/div>\n<div align=\"center\">07. Risque<\/div>\n<div align=\"center\">08. Seu Amor Ainda \u00e9 Tudo Pra Mim<\/div>\n<div align=\"center\">09. Leve a Vida<\/div>\n<div align=\"center\">10. \u00c9 Minha Opini\u00e3o<\/div>\n<div align=\"center\">11. Nossos Filhos Ser\u00e3o Pais <\/div>\n<div align=\"center\"> <\/div>\n<div align=\"left\"><\/div>\n<div align=\"left\"><\/div>\n","protected":false},"excerpt":{"rendered":"<p>Mineirinha da cidade de Mariana, Silvinha \u00e9 uma cantora que surgiu em 1967, lan\u00e7ada no programa do Chacrinha. Participou de diversos programas musicais na televis\u00e3o, tendo tamb\u00e9m seu pr\u00f3prio programa, &#8220;O Bom&#8221;, no qual ela se apresentava ao lado de &hellip; <a href=\"https:\/\/www.toque-musicall.com\/?p=2008\">Continue lendo <span class=\"meta-nav\">&rarr;<\/span><\/a><\/p>\n","protected":false},"author":1,"featured_media":0,"comment_status":"open","ping_status":"closed","sticky":false,"template":"","format":"standard","meta":{"footnotes":""},"categories":[1603],"tags":[],"class_list":["post-2008","post","type-post","status-publish","format-standard","hentry","category-silvinha"],"_links":{"self":[{"href":"https:\/\/www.toque-musicall.com\/index.php?rest_route=\/wp\/v2\/posts\/2008","targetHints":{"allow":["GET"]}}],"collection":[{"href":"https:\/\/www.toque-musicall.com\/index.php?rest_route=\/wp\/v2\/posts"}],"about":[{"href":"https:\/\/www.toque-musicall.com\/index.php?rest_route=\/wp\/v2\/types\/post"}],"author":[{"embeddable":true,"href":"https:\/\/www.toque-musicall.com\/index.php?rest_route=\/wp\/v2\/users\/1"}],"replies":[{"embeddable":true,"href":"https:\/\/www.toque-musicall.com\/index.php?rest_route=%2Fwp%2Fv2%2Fcomments&post=2008"}],"version-history":[{"count":0,"href":"https:\/\/www.toque-musicall.com\/index.php?rest_route=\/wp\/v2\/posts\/2008\/revisions"}],"wp:attachment":[{"href":"https:\/\/www.toque-musicall.com\/index.php?rest_route=%2Fwp%2Fv2%2Fmedia&parent=2008"}],"wp:term":[{"taxonomy":"category","embeddable":true,"href":"https:\/\/www.toque-musicall.com\/index.php?rest_route=%2Fwp%2Fv2%2Fcategories&post=2008"},{"taxonomy":"post_tag","embeddable":true,"href":"https:\/\/www.toque-musicall.com\/index.php?rest_route=%2Fwp%2Fv2%2Ftags&post=2008"}],"curies":[{"name":"wp","href":"https:\/\/api.w.org\/{rel}","templated":true}]}}