{"id":2010,"date":"2007-10-07T15:19:00","date_gmt":"2007-10-07T15:19:00","guid":{"rendered":"http:\/\/www.toque-musicall.com\/?p=2010"},"modified":"2007-10-07T15:19:00","modified_gmt":"2007-10-07T15:19:00","slug":"jorge-amiden-luiz-junior-alen-terra-karma-1972","status":"publish","type":"post","link":"https:\/\/www.toque-musicall.com\/?p=2010","title":{"rendered":"Jorge Amiden, Luiz Junior &#038; Alen Terra &#8211; Karma (1972)"},"content":{"rendered":"<p><a href=\"http:\/\/1.bp.blogspot.com\/_DSKVEvHtskc\/Rwrstx3lxqI\/AAAAAAAAAgg\/WTvhYsGkD_Y\/s1600-h\/Karma+72.jpg\"><img decoding=\"async\" id=\"BLOGGER_PHOTO_ID_5119164197684758178\" style=\"DISPLAY: block; MARGIN: 0px auto 10px; CURSOR: hand; TEXT-ALIGN: center\" alt=\"\" src=\"http:\/\/1.bp.blogspot.com\/_DSKVEvHtskc\/Rwrstx3lxqI\/AAAAAAAAAgg\/WTvhYsGkD_Y\/s400\/Karma+72.jpg\" border=\"0\" \/><\/a>Este \u00e9 outro grupo muito interessante, que na verdade eu pretendia post\u00e1-lo em um segundo momento do &#8216;rock brasilis e seus derivados&#8217;. Acabei fazendo uma confus\u00e3o nas postagens que pretendia levar cronol\u00f3gicamente at\u00e9 1970. Acabaram entrando alguns que ultrapassam essa data. Assim sendo, extenderei os \u00e1lbuns at\u00e9 1972. Foi exatamente nesta data que o guitarrista Jorge Amiden (primeiro m\u00fasico de que se tem not\u00edcia no mundo que apareceu tocando uma guitarra de tr\u00eas bra\u00e7os) sa\u00eddo dO Ter\u00e7o, se juntou a Luiz Junior e Alen Terra para gravarem este disco, o Karma. Mais um grande e \u00fanico \u00e1lbum que deu nome a banda que tamb\u00e9m participou do FIC (Festival Internacional da Can\u00e7\u00e3o), com a m\u00fasica &#8220;Depois do por\u00e3o&#8221;. O grupo teve outras forma\u00e7\u00f5es at\u00e9 por volta de 1976, mas n\u00e3o chegaram a gravar outro disco. Vai neste toque&#8230;<\/p>\n<div align=\"center\">01- Do Zero Adiante<\/div>\n<div align=\"center\">02- Blusa De Linho<\/div>\n<div align=\"center\">03- Voc\u00ea Pode Ir Al\u00e9m<\/div>\n<div align=\"center\">04- Ep\u00edlogo<\/div>\n<div align=\"center\">05- Tributo Ao Sorriso<\/div>\n<div align=\"center\">06- O Jogo07- Omiss\u00e3o<\/div>\n<div align=\"center\">08- Venha Pisar Na Grama<\/div>\n<div align=\"center\">09- Transe Um<\/div>\n<div align=\"center\">10- Cara &#038; Coroa<\/div>\n<div align=\"center\"><\/div>\n<div align=\"center\"><\/div>\n","protected":false},"excerpt":{"rendered":"<p>Este \u00e9 outro grupo muito interessante, que na verdade eu pretendia post\u00e1-lo em um segundo momento do &#8216;rock brasilis e seus derivados&#8217;. Acabei fazendo uma confus\u00e3o nas postagens que pretendia levar cronol\u00f3gicamente at\u00e9 1970. Acabaram entrando alguns que ultrapassam essa &hellip; <a href=\"https:\/\/www.toque-musicall.com\/?p=2010\">Continue lendo <span class=\"meta-nav\">&rarr;<\/span><\/a><\/p>\n","protected":false},"author":1,"featured_media":0,"comment_status":"open","ping_status":"closed","sticky":false,"template":"","format":"standard","meta":{"footnotes":""},"categories":[1891,1894,1893,1892],"tags":[],"class_list":["post-2010","post","type-post","status-publish","format-standard","hentry","category-alen-terra","category-jorge-amiden","category-karma","category-luiz-junior"],"_links":{"self":[{"href":"https:\/\/www.toque-musicall.com\/index.php?rest_route=\/wp\/v2\/posts\/2010","targetHints":{"allow":["GET"]}}],"collection":[{"href":"https:\/\/www.toque-musicall.com\/index.php?rest_route=\/wp\/v2\/posts"}],"about":[{"href":"https:\/\/www.toque-musicall.com\/index.php?rest_route=\/wp\/v2\/types\/post"}],"author":[{"embeddable":true,"href":"https:\/\/www.toque-musicall.com\/index.php?rest_route=\/wp\/v2\/users\/1"}],"replies":[{"embeddable":true,"href":"https:\/\/www.toque-musicall.com\/index.php?rest_route=%2Fwp%2Fv2%2Fcomments&post=2010"}],"version-history":[{"count":0,"href":"https:\/\/www.toque-musicall.com\/index.php?rest_route=\/wp\/v2\/posts\/2010\/revisions"}],"wp:attachment":[{"href":"https:\/\/www.toque-musicall.com\/index.php?rest_route=%2Fwp%2Fv2%2Fmedia&parent=2010"}],"wp:term":[{"taxonomy":"category","embeddable":true,"href":"https:\/\/www.toque-musicall.com\/index.php?rest_route=%2Fwp%2Fv2%2Fcategories&post=2010"},{"taxonomy":"post_tag","embeddable":true,"href":"https:\/\/www.toque-musicall.com\/index.php?rest_route=%2Fwp%2Fv2%2Ftags&post=2010"}],"curies":[{"name":"wp","href":"https:\/\/api.w.org\/{rel}","templated":true}]}}