{"id":2012,"date":"2007-10-07T12:12:00","date_gmt":"2007-10-07T12:12:00","guid":{"rendered":"http:\/\/www.toque-musicall.com\/?p=2012"},"modified":"2007-10-07T12:12:00","modified_gmt":"2007-10-07T12:12:00","slug":"espectrum-geracao-bendita-1971","status":"publish","type":"post","link":"https:\/\/www.toque-musicall.com\/?p=2012","title":{"rendered":"Espectrum &#8211; Gera\u00e7\u00e3o Bendita (1971)"},"content":{"rendered":"<p><a href=\"http:\/\/3.bp.blogspot.com\/_DSKVEvHtskc\/Rwj17x3lxkI\/AAAAAAAAAfw\/HTNst48ybYo\/s1600-h\/geracao-benditaF.JPG\"><img decoding=\"async\" id=\"BLOGGER_PHOTO_ID_5118611383854155330\" style=\"DISPLAY: block; MARGIN: 0px auto 10px; CURSOR: hand; TEXT-ALIGN: center\" alt=\"\" src=\"http:\/\/3.bp.blogspot.com\/_DSKVEvHtskc\/Rwj17x3lxkI\/AAAAAAAAAfw\/HTNst48ybYo\/s400\/geracao-benditaF.JPG\" border=\"0\" \/><\/a>Este \u00e1lbum \u00e9 na verdade a trilha sonora de um filme, &#8220;Gera\u00e7\u00e3o Bendita&#8221;, t\u00e3o obscuro quanto o grupo que toca, o Espectrum. Foi considerado a um tempo atr\u00e1s um dos discos de rock progressivo mais raros e cultuados do mundo, chegando a valer uma baba para colecionadores que corriam os quatro cantos do pa\u00eds (e tamb\u00e9m do mundo), por lojas e sebos, atr\u00e1s da preciosa bolacha. Hoje eu n\u00e3o sei exatamente a quantas anda este disco no mercado, pois a um tempo atr\u00e1s, com toda essa badala\u00e7\u00e3o, um dos criadores do grupo, Jos\u00e9 Luiz Caetano, resolveu investir em seu relan\u00e7amento. Criou um site onde conta toda a hist\u00f3ria do grupo e do filme. Para quem quizer saber mais detalhes e adquirir o disquinho, vale a pena dar uma conferida no endere\u00e7o <a href=\"http:\/\/www.spectrum.mus.br\/\" target=\"_blank\">http:\/\/www.spectrum.mus.br\/<\/a>. O toque t\u00e1 dado&#8230;<\/p>\n<div align=\"center\">01. Quiabo&#8217;s<\/div>\n<div align=\"center\">02. Mother Nature<\/div>\n<div align=\"center\">03. Trilha Antiga<\/div>\n<div align=\"center\">04. Mary You Are<\/div>\n<div align=\"center\">05. Maria Imaculada<\/div>\n<div align=\"center\">06. Concerto do P\u00e2ntano<\/div>\n<div align=\"center\">07. Pingo \u00e9 Letra<\/div>\n<div align=\"center\">08. 15 Years Old<\/div>\n<div align=\"center\">09. Tema de Amor<\/div>\n<div align=\"center\">10. Thank You My God<\/div>\n<div align=\"center\">11. On My Mind<\/div>\n<div align=\"center\">12. A Paz, Amor, Voc\u00ea<\/div>\n<div align=\"center\"> <\/div>\n<div align=\"center\"> <\/div>\n","protected":false},"excerpt":{"rendered":"<p>Este \u00e1lbum \u00e9 na verdade a trilha sonora de um filme, &#8220;Gera\u00e7\u00e3o Bendita&#8221;, t\u00e3o obscuro quanto o grupo que toca, o Espectrum. Foi considerado a um tempo atr\u00e1s um dos discos de rock progressivo mais raros e cultuados do mundo, &hellip; <a href=\"https:\/\/www.toque-musicall.com\/?p=2012\">Continue lendo <span class=\"meta-nav\">&rarr;<\/span><\/a><\/p>\n","protected":false},"author":1,"featured_media":0,"comment_status":"open","ping_status":"closed","sticky":false,"template":"","format":"standard","meta":{"footnotes":""},"categories":[1896,346],"tags":[],"class_list":["post-2012","post","type-post","status-publish","format-standard","hentry","category-espectrum-geracao-bendita","category-trilhas"],"_links":{"self":[{"href":"https:\/\/www.toque-musicall.com\/index.php?rest_route=\/wp\/v2\/posts\/2012","targetHints":{"allow":["GET"]}}],"collection":[{"href":"https:\/\/www.toque-musicall.com\/index.php?rest_route=\/wp\/v2\/posts"}],"about":[{"href":"https:\/\/www.toque-musicall.com\/index.php?rest_route=\/wp\/v2\/types\/post"}],"author":[{"embeddable":true,"href":"https:\/\/www.toque-musicall.com\/index.php?rest_route=\/wp\/v2\/users\/1"}],"replies":[{"embeddable":true,"href":"https:\/\/www.toque-musicall.com\/index.php?rest_route=%2Fwp%2Fv2%2Fcomments&post=2012"}],"version-history":[{"count":0,"href":"https:\/\/www.toque-musicall.com\/index.php?rest_route=\/wp\/v2\/posts\/2012\/revisions"}],"wp:attachment":[{"href":"https:\/\/www.toque-musicall.com\/index.php?rest_route=%2Fwp%2Fv2%2Fmedia&parent=2012"}],"wp:term":[{"taxonomy":"category","embeddable":true,"href":"https:\/\/www.toque-musicall.com\/index.php?rest_route=%2Fwp%2Fv2%2Fcategories&post=2012"},{"taxonomy":"post_tag","embeddable":true,"href":"https:\/\/www.toque-musicall.com\/index.php?rest_route=%2Fwp%2Fv2%2Ftags&post=2012"}],"curies":[{"name":"wp","href":"https:\/\/api.w.org\/{rel}","templated":true}]}}