{"id":2014,"date":"2007-10-07T04:53:00","date_gmt":"2007-10-07T04:53:00","guid":{"rendered":"http:\/\/www.toque-musicall.com\/?p=2014"},"modified":"2007-10-07T04:53:00","modified_gmt":"2007-10-07T04:53:00","slug":"os-brazoes-1969","status":"publish","type":"post","link":"https:\/\/www.toque-musicall.com\/?p=2014","title":{"rendered":"Os Braz\u00f5es (1969)"},"content":{"rendered":"<p><a href=\"http:\/\/4.bp.blogspot.com\/_DSKVEvHtskc\/Rwhn3B3lxhI\/AAAAAAAAAfY\/Mb5oMibT5js\/s1600-h\/os_brazoes.JPG\"><img decoding=\"async\" id=\"BLOGGER_PHOTO_ID_5118455171598632466\" style=\"DISPLAY: block; MARGIN: 0px auto 10px; CURSOR: hand; TEXT-ALIGN: center\" alt=\"\" src=\"http:\/\/4.bp.blogspot.com\/_DSKVEvHtskc\/Rwhn3B3lxhI\/AAAAAAAAAfY\/Mb5oMibT5js\/s400\/os_brazoes.JPG\" border=\"0\" \/><\/a> Como tantos bons grupos que surgiram no final dos anos 60, Os Braz\u00f5es foram outro que mesmo acima da m\u00e9dia n\u00e3o passou deste \u00fanico disco. Por\u00e9m, eles n\u00e3o fizeram feio, muito pelo contr\u00e1rio. Gravaram um disco bem dosado entre o psicodelismo e tropicalismo, rico em percuss\u00e3o e com letras em portugu\u00eas. Os Braz\u00f5es era banda que acompanhava Gal Costa naqueles tempos. Vale a pena ouvir e conhecer mais este toque.<\/p>\n<div align=\"center\">01. Pega a Voga Cabeludo<\/div>\n<div align=\"center\">02. Canastra Real<\/div>\n<div align=\"center\">03. M\u00f3dulo Lunar<\/div>\n<div align=\"center\">04. Volkswagen Blue<\/div>\n<div align=\"center\">05. T\u00e3o Longe de Mim<\/div>\n<div align=\"center\">06. Carolina, Carol Bela<\/div>\n<div align=\"center\">07. Feiti\u00e7o<\/div>\n<div align=\"center\">08. Planador<\/div>\n<div align=\"center\">09. Espiral<\/div>\n<div align=\"center\">10. Gotham City<\/div>\n<div align=\"center\">11. Momento B8<\/div>\n<div align=\"center\">12. Que Maravilha <\/div>\n<div align=\"center\"><\/div>\n<div align=\"center\"><\/div>\n","protected":false},"excerpt":{"rendered":"<p>Como tantos bons grupos que surgiram no final dos anos 60, Os Braz\u00f5es foram outro que mesmo acima da m\u00e9dia n\u00e3o passou deste \u00fanico disco. Por\u00e9m, eles n\u00e3o fizeram feio, muito pelo contr\u00e1rio. Gravaram um disco bem dosado entre o &hellip; <a href=\"https:\/\/www.toque-musicall.com\/?p=2014\">Continue lendo <span class=\"meta-nav\">&rarr;<\/span><\/a><\/p>\n","protected":false},"author":1,"featured_media":0,"comment_status":"open","ping_status":"closed","sticky":false,"template":"","format":"standard","meta":{"footnotes":""},"categories":[1898],"tags":[],"class_list":["post-2014","post","type-post","status-publish","format-standard","hentry","category-os-brazoes"],"_links":{"self":[{"href":"https:\/\/www.toque-musicall.com\/index.php?rest_route=\/wp\/v2\/posts\/2014","targetHints":{"allow":["GET"]}}],"collection":[{"href":"https:\/\/www.toque-musicall.com\/index.php?rest_route=\/wp\/v2\/posts"}],"about":[{"href":"https:\/\/www.toque-musicall.com\/index.php?rest_route=\/wp\/v2\/types\/post"}],"author":[{"embeddable":true,"href":"https:\/\/www.toque-musicall.com\/index.php?rest_route=\/wp\/v2\/users\/1"}],"replies":[{"embeddable":true,"href":"https:\/\/www.toque-musicall.com\/index.php?rest_route=%2Fwp%2Fv2%2Fcomments&post=2014"}],"version-history":[{"count":0,"href":"https:\/\/www.toque-musicall.com\/index.php?rest_route=\/wp\/v2\/posts\/2014\/revisions"}],"wp:attachment":[{"href":"https:\/\/www.toque-musicall.com\/index.php?rest_route=%2Fwp%2Fv2%2Fmedia&parent=2014"}],"wp:term":[{"taxonomy":"category","embeddable":true,"href":"https:\/\/www.toque-musicall.com\/index.php?rest_route=%2Fwp%2Fv2%2Fcategories&post=2014"},{"taxonomy":"post_tag","embeddable":true,"href":"https:\/\/www.toque-musicall.com\/index.php?rest_route=%2Fwp%2Fv2%2Ftags&post=2014"}],"curies":[{"name":"wp","href":"https:\/\/api.w.org\/{rel}","templated":true}]}}