{"id":2016,"date":"2007-10-06T22:23:00","date_gmt":"2007-10-06T22:23:00","guid":{"rendered":"http:\/\/www.toque-musicall.com\/?p=2016"},"modified":"2007-10-06T22:23:00","modified_gmt":"2007-10-06T22:23:00","slug":"the-brazilian-bitles-brazilian-60s-nuggets-collection-2001","status":"publish","type":"post","link":"https:\/\/www.toque-musicall.com\/?p=2016","title":{"rendered":"The Brazilian Bitles &#8211; Brazilian 60&#8217;s Nuggets Collection (2001)"},"content":{"rendered":"<p><a href=\"http:\/\/3.bp.blogspot.com\/_DSKVEvHtskc\/Rwhkjx3lxgI\/AAAAAAAAAfQ\/NjbvNyCuXB0\/s1600-h\/The+Brazilian+Bitles.JPG\"><img decoding=\"async\" id=\"BLOGGER_PHOTO_ID_5118451542351267330\" style=\"DISPLAY: block; MARGIN: 0px auto 10px; CURSOR: hand; TEXT-ALIGN: center\" alt=\"\" src=\"http:\/\/3.bp.blogspot.com\/_DSKVEvHtskc\/Rwhkjx3lxgI\/AAAAAAAAAfQ\/NjbvNyCuXB0\/s400\/The+Brazilian+Bitles.JPG\" border=\"0\" \/><\/a> Outra banda que n\u00e3o pode faltar \u00e9 sem d\u00favidas o Brazilian Bitles. Esse grupo fez muito sucesso durante os anos 60. Esteve totalmente envolvido na Jovem Guarda e na beatlemania. Foi um dos primeiros a aparecer com um visual diferente, cabelos compridos e atitude. Tiveram um programa na TV Excelcior nas tardes de s\u00e1bado, o &#8220;Brazilian Bitles Club&#8221; de onde surgiram v\u00e1rios artistas e bandas no cen\u00e1rio pop nacional. Gravaram \u00f3timos discos que, injustamente, nunca foram relan\u00e7ados em cds. Uma pena&#8230; Segue ent\u00e3o esta colet\u00e2nea, num toque especial, que define basicamente o trabalho do grupo.<\/p>\n<div><img decoding=\"async\" id=\"BLOGGER_PHOTO_ID_5118369847778330066\" style=\"DISPLAY: block; MARGIN: 0px auto 10px; CURSOR: hand; TEXT-ALIGN: center\" alt=\"\" src=\"http:\/\/2.bp.blogspot.com\/_DSKVEvHtskc\/RwgaQh3lxdI\/AAAAAAAAAe4\/vU4eopiCWdM\/s400\/The+Brazilian+Bitles+songs.JPG\" border=\"0\" \/><\/div>\n","protected":false},"excerpt":{"rendered":"<p>Outra banda que n\u00e3o pode faltar \u00e9 sem d\u00favidas o Brazilian Bitles. Esse grupo fez muito sucesso durante os anos 60. Esteve totalmente envolvido na Jovem Guarda e na beatlemania. Foi um dos primeiros a aparecer com um visual diferente, &hellip; <a href=\"https:\/\/www.toque-musicall.com\/?p=2016\">Continue lendo <span class=\"meta-nav\">&rarr;<\/span><\/a><\/p>\n","protected":false},"author":1,"featured_media":0,"comment_status":"open","ping_status":"closed","sticky":false,"template":"","format":"standard","meta":{"footnotes":""},"categories":[1900],"tags":[],"class_list":["post-2016","post","type-post","status-publish","format-standard","hentry","category-the-brazilian-bitles"],"_links":{"self":[{"href":"https:\/\/www.toque-musicall.com\/index.php?rest_route=\/wp\/v2\/posts\/2016","targetHints":{"allow":["GET"]}}],"collection":[{"href":"https:\/\/www.toque-musicall.com\/index.php?rest_route=\/wp\/v2\/posts"}],"about":[{"href":"https:\/\/www.toque-musicall.com\/index.php?rest_route=\/wp\/v2\/types\/post"}],"author":[{"embeddable":true,"href":"https:\/\/www.toque-musicall.com\/index.php?rest_route=\/wp\/v2\/users\/1"}],"replies":[{"embeddable":true,"href":"https:\/\/www.toque-musicall.com\/index.php?rest_route=%2Fwp%2Fv2%2Fcomments&post=2016"}],"version-history":[{"count":0,"href":"https:\/\/www.toque-musicall.com\/index.php?rest_route=\/wp\/v2\/posts\/2016\/revisions"}],"wp:attachment":[{"href":"https:\/\/www.toque-musicall.com\/index.php?rest_route=%2Fwp%2Fv2%2Fmedia&parent=2016"}],"wp:term":[{"taxonomy":"category","embeddable":true,"href":"https:\/\/www.toque-musicall.com\/index.php?rest_route=%2Fwp%2Fv2%2Fcategories&post=2016"},{"taxonomy":"post_tag","embeddable":true,"href":"https:\/\/www.toque-musicall.com\/index.php?rest_route=%2Fwp%2Fv2%2Ftags&post=2016"}],"curies":[{"name":"wp","href":"https:\/\/api.w.org\/{rel}","templated":true}]}}