{"id":2019,"date":"2007-10-06T20:59:00","date_gmt":"2007-10-06T20:59:00","guid":{"rendered":"http:\/\/www.toque-musicall.com\/?p=2019"},"modified":"2007-10-06T20:59:00","modified_gmt":"2007-10-06T20:59:00","slug":"os-megatons-1964","status":"publish","type":"post","link":"https:\/\/www.toque-musicall.com\/?p=2019","title":{"rendered":"Os Megatons (1964)"},"content":{"rendered":"<p><a href=\"http:\/\/1.bp.blogspot.com\/_DSKVEvHtskc\/Rwf4Vh3lxZI\/AAAAAAAAAeY\/kXFAtdIJRAk\/s1600-h\/Os+Megatons+1964r.JPG\"><img decoding=\"async\" id=\"BLOGGER_PHOTO_ID_5118332550282331538\" style=\"DISPLAY: block; MARGIN: 0px auto 10px; CURSOR: hand; TEXT-ALIGN: center\" alt=\"\" src=\"http:\/\/1.bp.blogspot.com\/_DSKVEvHtskc\/Rwf4Vh3lxZI\/AAAAAAAAAeY\/kXFAtdIJRAk\/s400\/Os+Megatons+1964r.JPG\" border=\"0\" \/><\/a>Um \u00e1lbum curioso e raro. Digo isso porque depois de uma pesquisa prolongada, ainda n\u00e3o consegui juntar inteiramente as pe\u00e7as deste grupo com o disco. Este \u00e1lbum consta como sendo de 1964. O banda foi criada no inicio dos anos 60 pelo guitarrista Joe Primo do Jet Blacks e at\u00e9 66 era exclusivamente instrumental, ali\u00e1s era o que predominava na \u00e9poca. At\u00e9 aqui tudo encaixa direitinho, por\u00e9m n\u00e3o encontrei informa\u00e7\u00e3o sobre este disco. O que \u00e9 curioso, se tratando de um \u00e1lbum gravado pela Philips. Na discografia do grupo este lp n\u00e3o est\u00e1 presente. Seria um outro Megatons? Parece que n\u00e3o&#8230; Algu\u00e9m pode nos dar a luz? Eu dou o toque musical.<\/p>\n<p><a href=\"http:\/\/4.bp.blogspot.com\/_DSKVEvHtskc\/Rwf4LR3lxYI\/AAAAAAAAAeQ\/rIdiW7l7M6k\/s1600-h\/os+megatons+texto.JPG\"><img decoding=\"async\" id=\"BLOGGER_PHOTO_ID_5118332374188672386\" style=\"DISPLAY: block; MARGIN: 0px auto 10px; CURSOR: hand; TEXT-ALIGN: center\" alt=\"\" src=\"http:\/\/4.bp.blogspot.com\/_DSKVEvHtskc\/Rwf4LR3lxYI\/AAAAAAAAAeQ\/rIdiW7l7M6k\/s400\/os+megatons+texto.JPG\" border=\"0\" \/><\/a><\/p>\n","protected":false},"excerpt":{"rendered":"<p>Um \u00e1lbum curioso e raro. Digo isso porque depois de uma pesquisa prolongada, ainda n\u00e3o consegui juntar inteiramente as pe\u00e7as deste grupo com o disco. Este \u00e1lbum consta como sendo de 1964. O banda foi criada no inicio dos anos &hellip; <a href=\"https:\/\/www.toque-musicall.com\/?p=2019\">Continue lendo <span class=\"meta-nav\">&rarr;<\/span><\/a><\/p>\n","protected":false},"author":1,"featured_media":0,"comment_status":"open","ping_status":"closed","sticky":false,"template":"","format":"standard","meta":{"footnotes":""},"categories":[1785],"tags":[],"class_list":["post-2019","post","type-post","status-publish","format-standard","hentry","category-os-megatons"],"_links":{"self":[{"href":"https:\/\/www.toque-musicall.com\/index.php?rest_route=\/wp\/v2\/posts\/2019","targetHints":{"allow":["GET"]}}],"collection":[{"href":"https:\/\/www.toque-musicall.com\/index.php?rest_route=\/wp\/v2\/posts"}],"about":[{"href":"https:\/\/www.toque-musicall.com\/index.php?rest_route=\/wp\/v2\/types\/post"}],"author":[{"embeddable":true,"href":"https:\/\/www.toque-musicall.com\/index.php?rest_route=\/wp\/v2\/users\/1"}],"replies":[{"embeddable":true,"href":"https:\/\/www.toque-musicall.com\/index.php?rest_route=%2Fwp%2Fv2%2Fcomments&post=2019"}],"version-history":[{"count":0,"href":"https:\/\/www.toque-musicall.com\/index.php?rest_route=\/wp\/v2\/posts\/2019\/revisions"}],"wp:attachment":[{"href":"https:\/\/www.toque-musicall.com\/index.php?rest_route=%2Fwp%2Fv2%2Fmedia&parent=2019"}],"wp:term":[{"taxonomy":"category","embeddable":true,"href":"https:\/\/www.toque-musicall.com\/index.php?rest_route=%2Fwp%2Fv2%2Fcategories&post=2019"},{"taxonomy":"post_tag","embeddable":true,"href":"https:\/\/www.toque-musicall.com\/index.php?rest_route=%2Fwp%2Fv2%2Ftags&post=2019"}],"curies":[{"name":"wp","href":"https:\/\/api.w.org\/{rel}","templated":true}]}}