{"id":2021,"date":"2007-10-03T19:03:00","date_gmt":"2007-10-03T19:03:00","guid":{"rendered":"http:\/\/www.toque-musicall.com\/?p=2021"},"modified":"2007-10-03T19:03:00","modified_gmt":"2007-10-03T19:03:00","slug":"beat-boys-1968","status":"publish","type":"post","link":"https:\/\/www.toque-musicall.com\/?p=2021","title":{"rendered":"Beat Boys (1968)"},"content":{"rendered":"<p><a href=\"http:\/\/1.bp.blogspot.com\/_DSKVEvHtskc\/RwPoHjF5fDI\/AAAAAAAAAds\/qarM-FYHw6A\/s1600-h\/beat+boys.jpg\"><img decoding=\"async\" id=\"BLOGGER_PHOTO_ID_5117188817999723570\" style=\"DISPLAY: block; MARGIN: 0px auto 10px; CURSOR: hand; TEXT-ALIGN: center\" alt=\"\" src=\"http:\/\/1.bp.blogspot.com\/_DSKVEvHtskc\/RwPoHjF5fDI\/AAAAAAAAAds\/qarM-FYHw6A\/s400\/beat+boys.jpg\" border=\"0\" \/><\/a>Mais uma turma de &#8216;descolados&#8217; da Jovem Guarda, composta por m\u00fasicos brasileiros e argentinos. Na verdade, acho que esses caras n\u00e3o tinham muito a ver com a Jovem Guarda, a assoscia\u00e7\u00e3o vem do fato de serem e fazerem m\u00fasica jovem, por viverem o mesmo contexto socio-cultural da \u00e9poca. O mesmo vale para os Baob\u00e1s. A Jovem Guarda sempre me pareceu algo mais pop(ular), ingenuo, rom\u00e2ntico e um pouco caricatural. Foram os Beat Boys quem acompanham Caetano Veloso no III Festival de M\u00fasica Popular Brasileira da TV Record, em 1967, na m\u00fasica &#8220;Alegria, Alegria&#8221;. Naquela \u00e9poca eles escandalizaram os conservadores (assim como a apresentra\u00e7\u00e3o de Gilberto Gil e Os Mutantes em Domingo no Parque) ao misturarem pela primeira vez rock e MPB em um festival de m\u00fasica popular. Eles tamb\u00e9m gravaram com Gilberto Gil um compacto, hoje rar\u00edssimo com a m\u00fasica &#8220;Quest\u00e3o de Ordem&#8221; e tiveram participa\u00e7\u00e3o em algumas faixas do terceiro disco do Ronnie Von. Este que foi o \u00fanico disco da banda s\u00f3 saiu em maio de 1968. Apesar do pouco material produzido e de n\u00e3o terem conseguido o devido reconhecimento, considero esta uma das melhores bandas do rock nacional. Vale o toque!<\/p>\n<div align=\"center\"><\/div>\n<div align=\"center\">01. A Felicidade<\/div>\n<div align=\"center\">02. A Time For Remembrance<\/div>\n<div align=\"center\">03. Meu Tamborim0<\/div>\n<div align=\"center\">4. Era uma Vez uma Menina<\/div>\n<div align=\"center\">05. Abre, Sou Eu<\/div>\n<div align=\"center\">06. Abrigo de Palavras em Caixas do C\u00e9u<\/div>\n<div align=\"center\">07. Wake me, Shake me<\/div>\n<div align=\"center\">08. Pobre Cora\u00e7\u00e3o<\/div>\n<div align=\"center\">09. Sempre Esperando<\/div>\n<div align=\"center\">10. Can\u00e7\u00e3o que Ningu\u00e9m Mais Cantou<\/div>\n<div align=\"center\">11. \u00c1ria Para 4\u00aa Corda<\/div>\n<div align=\"center\">12. Torta de Morangos<\/div>\n<div align=\"center\"><\/div>\n<div align=\"center\"><\/div>\n","protected":false},"excerpt":{"rendered":"<p>Mais uma turma de &#8216;descolados&#8217; da Jovem Guarda, composta por m\u00fasicos brasileiros e argentinos. Na verdade, acho que esses caras n\u00e3o tinham muito a ver com a Jovem Guarda, a assoscia\u00e7\u00e3o vem do fato de serem e fazerem m\u00fasica jovem, &hellip; <a href=\"https:\/\/www.toque-musicall.com\/?p=2021\">Continue lendo <span class=\"meta-nav\">&rarr;<\/span><\/a><\/p>\n","protected":false},"author":1,"featured_media":0,"comment_status":"open","ping_status":"closed","sticky":false,"template":"","format":"standard","meta":{"footnotes":""},"categories":[1904],"tags":[],"class_list":["post-2021","post","type-post","status-publish","format-standard","hentry","category-beat-boys"],"_links":{"self":[{"href":"https:\/\/www.toque-musicall.com\/index.php?rest_route=\/wp\/v2\/posts\/2021","targetHints":{"allow":["GET"]}}],"collection":[{"href":"https:\/\/www.toque-musicall.com\/index.php?rest_route=\/wp\/v2\/posts"}],"about":[{"href":"https:\/\/www.toque-musicall.com\/index.php?rest_route=\/wp\/v2\/types\/post"}],"author":[{"embeddable":true,"href":"https:\/\/www.toque-musicall.com\/index.php?rest_route=\/wp\/v2\/users\/1"}],"replies":[{"embeddable":true,"href":"https:\/\/www.toque-musicall.com\/index.php?rest_route=%2Fwp%2Fv2%2Fcomments&post=2021"}],"version-history":[{"count":0,"href":"https:\/\/www.toque-musicall.com\/index.php?rest_route=\/wp\/v2\/posts\/2021\/revisions"}],"wp:attachment":[{"href":"https:\/\/www.toque-musicall.com\/index.php?rest_route=%2Fwp%2Fv2%2Fmedia&parent=2021"}],"wp:term":[{"taxonomy":"category","embeddable":true,"href":"https:\/\/www.toque-musicall.com\/index.php?rest_route=%2Fwp%2Fv2%2Fcategories&post=2021"},{"taxonomy":"post_tag","embeddable":true,"href":"https:\/\/www.toque-musicall.com\/index.php?rest_route=%2Fwp%2Fv2%2Ftags&post=2021"}],"curies":[{"name":"wp","href":"https:\/\/api.w.org\/{rel}","templated":true}]}}